{"id":956,"date":"2019-07-04T13:01:17","date_gmt":"2019-07-04T10:01:17","guid":{"rendered":"https:\/\/pyhajarvi-instituutti.fi\/blogi\/?p=956"},"modified":"2019-07-04T13:01:17","modified_gmt":"2019-07-04T10:01:17","slug":"okra-kokoaa-yhteen-eri-alojen-toimijoita","status":"publish","type":"post","link":"https:\/\/www.pyhajarvi-instituutti.fi\/blogi\/2019\/07\/04\/okra-kokoaa-yhteen-eri-alojen-toimijoita\/","title":{"rendered":"OKRA kokoaa yhteen eri alojen toimijoita"},"content":{"rendered":"<p><a href=\"https:\/\/pyhajarvi-instituutti.fi\/blogi\/wp-content\/uploads\/2019\/07\/IMG_20190703_090443-2.jpg\"><img fetchpriority=\"high\" decoding=\"async\" src=\"https:\/\/pyhajarvi-instituutti.fi\/blogi\/wp-content\/uploads\/2019\/07\/IMG_20190703_090443-2-1024x576.jpg\" alt=\"\" width=\"1024\" height=\"576\" class=\"aligncenter size-large wp-image-952\" \/><\/a><\/p>\n<p>Pyh\u00e4j\u00e4rvi-instituutti osallistuu t\u00e4n\u00e4 vuonna OKRA maatalousn\u00e4yttelyyn instituutin toimintaa esittelev\u00e4ll\u00e4 osastolla. Osastomme l\u00f6ytyy paikalta D 345. Mukana on hankkeita, jotka liittyv\u00e4t alkutuotantoon, viljelymenetelmiin, viljelyolosuhteiden muutoksiin ja tulevaisuuteen, vesiensuojeluun, j\u00e4tevesineuvontaan ja mm. luomu- ja yrttikoulutuksiin. <\/p>\n<p><a href=\"https:\/\/pyhajarvi-instituutti.fi\/blogi\/wp-content\/uploads\/2019\/07\/IMG_20190703_090509.jpg\"><img decoding=\"async\" src=\"https:\/\/pyhajarvi-instituutti.fi\/blogi\/wp-content\/uploads\/2019\/07\/IMG_20190703_090509-1024x576.jpg\" alt=\"\" width=\"1024\" height=\"576\" class=\"aligncenter size-large wp-image-953\" \/><\/a><\/p>\n<p><a href=\"https:\/\/pyhajarvi-instituutti.fi\/blogi\/wp-content\/uploads\/2019\/07\/IMG_20190703_090619.jpg\"><img decoding=\"async\" src=\"https:\/\/pyhajarvi-instituutti.fi\/blogi\/wp-content\/uploads\/2019\/07\/IMG_20190703_090619-1024x576.jpg\" alt=\"\" width=\"1024\" height=\"576\" class=\"aligncenter size-large wp-image-954\" \/><\/a><\/p>\n<p>OKRA maatalousn\u00e4yttelyss\u00e4 esitell\u00e4\u00e4n paitsi koneita, laitteita ja kotiel\u00e4imi\u00e4, my\u00f6s eri organisaatioiden toimintaa. N\u00e4yttelyss\u00e4 voi tutustua eri laboratorioiden toimintaan, poiketa Sikses Parasta -hankkeen osastolla \u00e4\u00e4nest\u00e4m\u00e4ss\u00e4 parasta kes\u00e4herkkua, tutustua Biolanin, Soilfoodin tai Luken osastoihin sek\u00e4 Brahea-keskuksen Kulta-hankkeeseen, keskustella Apetitin tuoteuutuuksista, kurkkia j\u00e4tevesij\u00e4rjestelmien kaivorakenteisiin ja aivan ehdottomasti kannattaa k\u00e4yd\u00e4 Pyh\u00e4j\u00e4rvi-instituutin osastolla osallistumassa kilpailuun. Kilpailun p\u00e4\u00e4voittona arvotaan kahden hengen y\u00f6pyminen ja Pyh\u00e4j\u00e4rvi-illallinen tunnelmallisessa Villa Ainossa Kauttualla, Pyh\u00e4j\u00e4rven rannan l\u00e4heisyydess\u00e4.<\/p>\n<p><a href=\"https:\/\/pyhajarvi-instituutti.fi\/blogi\/wp-content\/uploads\/2019\/07\/IMG_20190703_093936.jpg\"><img loading=\"lazy\" decoding=\"async\" src=\"https:\/\/pyhajarvi-instituutti.fi\/blogi\/wp-content\/uploads\/2019\/07\/IMG_20190703_093936-1024x576.jpg\" alt=\"\" width=\"1024\" height=\"576\" class=\"aligncenter size-large wp-image-951\" \/><\/a><\/p>\n<p><a href=\"https:\/\/pyhajarvi-instituutti.fi\/blogi\/wp-content\/uploads\/2019\/07\/IMG_20190703_090639.jpg\"><img loading=\"lazy\" decoding=\"async\" src=\"https:\/\/pyhajarvi-instituutti.fi\/blogi\/wp-content\/uploads\/2019\/07\/IMG_20190703_090639-1024x576.jpg\" alt=\"\" width=\"1024\" height=\"576\" class=\"aligncenter size-large wp-image-955\" \/><\/a><\/p>\n<p>Ensimm\u00e4isen\u00e4 messup\u00e4iv\u00e4n\u00e4 k\u00e4vij\u00f6it\u00e4 oli yli 16 700, mik\u00e4 on hiukan enemm\u00e4n kuin viime vuonna. Toivotaan messuille paljon k\u00e4vij\u00f6it\u00e4 ja hyvi\u00e4 ilmoja. N\u00e4ht\u00e4v\u00e4\u00e4 l\u00f6ytyy koko perheelle ja niin ammattilaisille kuin yksityishenkil\u00f6illekin.<\/p>\n<p>N\u00e4hd\u00e4\u00e4n messuilla!<\/p>\n","protected":false},"excerpt":{"rendered":"<p>Pyh\u00e4j\u00e4rvi-instituutti osallistuu t\u00e4n\u00e4 vuonna OKRA maatalousn\u00e4yttelyyn instituutin toimintaa esittelev\u00e4ll\u00e4 osastolla. Osastomme l\u00f6ytyy paikalta D 345. Mukana on hankkeita, jotka liittyv\u00e4t alkutuotantoon, viljelymenetelmiin, viljelyolosuhteiden muutoksiin ja&#8230;<\/p>\n","protected":false},"author":4,"featured_media":0,"comment_status":"open","ping_status":"closed","sticky":false,"template":"","format":"standard","meta":{"footnotes":""},"categories":[5],"tags":[144,132,187,38,186,184,183,165,34,185,188],"class_list":["post-956","post","type-post","status-publish","format-standard","hentry","category-henna-ryoma","tag-arvoyrtti","tag-innotori","tag-jokiohjelma","tag-janes","tag-koulu","tag-messut","tag-okra","tag-pji30v","tag-pyhajarven-suojeluohjelma","tag-tuleva","tag-vikera"],"rttpg_featured_image_url":null,"rttpg_author":{"display_name":"admin","author_link":"https:\/\/www.pyhajarvi-instituutti.fi\/blogi\/author\/admin\/"},"rttpg_comment":0,"rttpg_category":"<a href=\"https:\/\/www.pyhajarvi-instituutti.fi\/blogi\/category\/henna-ryoma\/\" rel=\"category tag\">Asiantuntija | Henna Ry\u00f6m\u00e4<\/a>","rttpg_excerpt":"Pyh\u00e4j\u00e4rvi-instituutti osallistuu t\u00e4n\u00e4 vuonna OKRA maatalousn\u00e4yttelyyn instituutin toimintaa esittelev\u00e4ll\u00e4 osastolla. Osastomme l\u00f6ytyy paikalta D 345. Mukana on hankkeita, jotka liittyv\u00e4t alkutuotantoon, viljelymenetelmiin, viljelyolosuhteiden muutoksiin ja...","post_mailing_queue_ids":[],"_links":{"self":[{"href":"https:\/\/www.pyhajarvi-instituutti.fi\/blogi\/wp-json\/wp\/v2\/posts\/956","targetHints":{"allow":["GET"]}}],"collection":[{"href":"https:\/\/www.pyhajarvi-instituutti.fi\/blogi\/wp-json\/wp\/v2\/posts"}],"about":[{"href":"https:\/\/www.pyhajarvi-instituutti.fi\/blogi\/wp-json\/wp\/v2\/types\/post"}],"author":[{"embeddable":true,"href":"https:\/\/www.pyhajarvi-instituutti.fi\/blogi\/wp-json\/wp\/v2\/users\/4"}],"replies":[{"embeddable":true,"href":"https:\/\/www.pyhajarvi-instituutti.fi\/blogi\/wp-json\/wp\/v2\/comments?post=956"}],"version-history":[{"count":1,"href":"https:\/\/www.pyhajarvi-instituutti.fi\/blogi\/wp-json\/wp\/v2\/posts\/956\/revisions"}],"predecessor-version":[{"id":957,"href":"https:\/\/www.pyhajarvi-instituutti.fi\/blogi\/wp-json\/wp\/v2\/posts\/956\/revisions\/957"}],"wp:attachment":[{"href":"https:\/\/www.pyhajarvi-instituutti.fi\/blogi\/wp-json\/wp\/v2\/media?parent=956"}],"wp:term":[{"taxonomy":"category","embeddable":true,"href":"https:\/\/www.pyhajarvi-instituutti.fi\/blogi\/wp-json\/wp\/v2\/categories?post=956"},{"taxonomy":"post_tag","embeddable":true,"href":"https:\/\/www.pyhajarvi-instituutti.fi\/blogi\/wp-json\/wp\/v2\/tags?post=956"}],"curies":[{"name":"wp","href":"https:\/\/api.w.org\/{rel}","templated":true}]}}