{"id":936,"date":"2019-06-11T13:40:46","date_gmt":"2019-06-11T10:40:46","guid":{"rendered":"https:\/\/pyhajarvi-instituutti.fi\/blogi\/?p=936"},"modified":"2019-06-11T13:40:46","modified_gmt":"2019-06-11T10:40:46","slug":"pyhajarvi-instituutti-on-ruukinpuiston-ydintoimintaa","status":"publish","type":"post","link":"https:\/\/www.pyhajarvi-instituutti.fi\/blogi\/2019\/06\/11\/pyhajarvi-instituutti-on-ruukinpuiston-ydintoimintaa\/","title":{"rendered":"Pyh\u00e4j\u00e4rvi-instituutti on Ruukinpuiston ydintoimintaa"},"content":{"rendered":"<div id=\"attachment_935\" style=\"width: 1034px\" class=\"wp-caption aligncenter\"><a href=\"https:\/\/pyhajarvi-instituutti.fi\/blogi\/wp-content\/uploads\/2019\/06\/IMG_20180522_142112-2.jpg\"><img fetchpriority=\"high\" decoding=\"async\" aria-describedby=\"caption-attachment-935\" src=\"https:\/\/pyhajarvi-instituutti.fi\/blogi\/wp-content\/uploads\/2019\/06\/IMG_20180522_142112-2-1024x657.jpg\" alt=\"\" width=\"1024\" height=\"657\" class=\"size-large wp-image-935\" \/><\/a><p id=\"caption-attachment-935\" class=\"wp-caption-text\">dav<\/p><\/div>\n<p>Kauttuan pitk\u00e4ss\u00e4 teollisuushistoriassa alkoi 1980-luvun lopulla vaihe, jossa paikallinen suuryritys, A. Ahlstr\u00f6m Osakeyhti\u00f6, alkoi luopua omistuksistaan. Aluksi joistakin asunnoista, v\u00e4hitellen my\u00f6s tuotannollisista yksik\u00f6ist\u00e4\u00e4n. Kehitys noudatteli yleissuomalaista ja kansainv\u00e4list\u00e4 trendi\u00e4. T\u00e4h\u00e4n vaiheeseen liittyy Pyh\u00e4j\u00e4rvi-instituutin perustaminen, jonka l\u00e4ht\u00f6kohtana oli pyrkimys vahvistaa seudun elinkeinotoimintaa sek\u00e4 turvata Pyh\u00e4j\u00e4rven veden laatu  niin tuotannon resurssina kuin virkistystoiminnan kannalta. Ajan hengess\u00e4 olivat korostumassa tuotantotoiminnan ymp\u00e4rist\u00f6vaikutukset ja edellytykset. Aloitettiin Kauttua-projekti, jossa oli kyse koko ruukinalueen ymp\u00e4rist\u00f6n ja toiminnan kehitt\u00e4misest\u00e4. Pyh\u00e4j\u00e4rvi-instituutin perustaminen oli siin\u00e4 keskeisen\u00e4 kohteena. Projektin aloituksen mahdollisti Turun ja Porin l\u00e4\u00e4ninhallituksen kehitt\u00e4misrahoitus ja Euran kunnan panostus.<\/p>\n<p>Tuolloin Euran kunnan johtavat virkamiehet sek\u00e4 luottamushenkil\u00f6t, samoin naapurikunnat, elintarvikealan yritykset ja Turun yliopisto n\u00e4kiv\u00e4t viisaasti alueen tarpeet ja mahdollisuudet. Kun instituuttis\u00e4\u00e4ti\u00f6 perustettiin vuonna 1989 elintarviketalouden ja ymp\u00e4rist\u00f6n (erityisesti vesist\u00f6t) koulutus-, tutkimus- ja kehitt\u00e4mistoimintaa varten, yhten\u00e4 l\u00e4ht\u00f6kohtana oli A. Ahlstr\u00f6m Osakeyhti\u00f6n halu osoittaa tilat, entinen tehtaanjohtajan asunto Villa Ahlstr\u00f6m, t\u00e4llaiseen tarkoitukseen. N\u00e4in rakennus saatiin  k\u00e4ytt\u00f6\u00f6n, mik\u00e4 toi lis\u00e4\u00e4 eloa ruukin maisemaan.  Vuonna 1995 perustettu Pyh\u00e4j\u00e4rven suojelurahasto kytkeytyi luontevasti instituutin yhteyteen ja laajensi osallistujien m\u00e4\u00e4r\u00e4\u00e4 ja toimintaa. <\/p>\n<p>Nyt aikaisemmin jakaantuneen Ahlstr\u00f6m yhti\u00f6n osa, A. Ahlstr\u00f6m Kiinteist\u00f6t Oy on irrottautumassa kokonaan Kauttuan Ruukinpuiston alueen omistuksistaan. Yhti\u00f6n neuvottelut omistusosuuksista Euran kunnan kanssa eiv\u00e4t toistaiseksi ole johtaneet tulokseen. Yksi alueen merkitt\u00e4vimmist\u00e4 rakennuksista on Villa Ahlstr\u00f6m, jossa  Pyh\u00e4j\u00e4rvi-instituutti on toiminut siis kohta 30 vuotta. Rakennuksesta on k\u00e4yty neuvotteluja my\u00f6s Euran kunnan kanssa, mutta yhti\u00f6n mukaan tarjottu hinta on ollut liian pieni.  Instituutin toiminnan sis\u00e4lt\u00f6, tulokset ja vaikutukset ovat t\u00e4rkeint\u00e4, mutta my\u00f6s sijainti Pyh\u00e4j\u00e4rven rannalla historiallisessa milj\u00f6\u00f6ss\u00e4 on oleellinen tekij\u00e4 sen tunnettuudessa. Elintarvikeketjun ja vesist\u00f6jen vuorovaikutus on tullut vuosien aikana yh\u00e4 t\u00e4rke\u00e4mm\u00e4ksi. Vesiensuojelun ja tuotantotoiminnan turvaamisella on paljon yhteisi\u00e4 intressej\u00e4. Ne ovat seudun elinvoiman perustaa. Kun t\u00e4m\u00e4 tapahtuu valtakunnallisesti merkitt\u00e4v\u00e4ss\u00e4 kulttuuriymp\u00e4rist\u00f6ss\u00e4, se nostaa niin toiminnan kuin alueen arvoa. A. Ahlstr\u00f6m Kiinteist\u00f6t Oy on ilmoittanut, ett\u00e4 se toivoo ruukkimilj\u00f6\u00f6n ostajien vaalivan historiallista perint\u00f6\u00e4. Uusien omistajien onkin tarpeen luoda yhteinen n\u00e4kemys rakennusperinn\u00f6n hoidosta ja k\u00e4yt\u00e4nn\u00f6ist\u00e4, jotka s\u00e4ilytt\u00e4v\u00e4t ja parantavat edelleen ymp\u00e4rist\u00f6n arvoa. Kunta osaomistajana ja koordinaattorina olisi luonteva taho, vaikka p\u00e4\u00e4osa rakennuksista olisi yksityisten omistuksessa.  <\/p>\n<p>Euran kunta sek\u00e4 muut instituuttis\u00e4\u00e4ti\u00f6\u00f6n ja suojelurahastoon osallistuvat ovat vuosittain panostaneet varoja toimintaan, mik\u00e4 on samalla mahdollistanut moninkertaisen rahoituksen hankkimisen seudun ulkopuolelta. Instituutissa ty\u00f6skentelee nyky\u00e4\u00e4n viitisentoista monipuolista ja osaavaa asiantuntijaa. Vaikka ty\u00f6t\u00e4 ja tuloksia voidaan tehd\u00e4 muissakin tiloissa, niin instituutti on voimakkaasti profiloitunut nykyiseen ymp\u00e4rist\u00f6\u00f6ns\u00e4. Olisikin t\u00e4rke\u00e4t\u00e4, ett\u00e4 A. Ahlstr\u00f6m Kiinteist\u00f6t Oy , Euran kunta sek\u00e4 s\u00e4\u00e4ti\u00f6n ja rahaston toimijat yhdess\u00e4 l\u00f6yt\u00e4isiv\u00e4t ratkaisun, esimerkiksi yhteinen kiinteist\u00f6yhti\u00f6 ( instituutti vuokralla), joka turvaisi toiminnan nykyisiss\u00e4 tiloissa. Instituutin toiminnan perusajatus, tuotantotoiminnan  ja ymp\u00e4rist\u00f6n kest\u00e4v\u00e4 yhteensovittaminen, on yh\u00e4 t\u00e4rke\u00e4mpi tulevaisuudessa. Viime vuosien toiminta ja tulokset osoittavat, ett\u00e4 ty\u00f6 tuo lis\u00e4arvoa seudulle, maakunnalle ja laajemminkin.<\/p>\n<p>Erkki Salomaa<br \/>\nKauttua-projektin vet\u00e4j\u00e4 1988-90<br \/>\nPyh\u00e4j\u00e4rvi-instituutin toiminnanjohtaja 1991-2007<\/p>\n","protected":false},"excerpt":{"rendered":"<p>Kauttuan pitk\u00e4ss\u00e4 teollisuushistoriassa alkoi 1980-luvun lopulla vaihe, jossa paikallinen suuryritys, A. Ahlstr\u00f6m Osakeyhti\u00f6, alkoi luopua omistuksistaan. Aluksi joistakin asunnoista, v\u00e4hitellen my\u00f6s tuotannollisista yksik\u00f6ist\u00e4\u00e4n. Kehitys noudatteli&#8230;<\/p>\n","protected":false},"author":4,"featured_media":0,"comment_status":"open","ping_status":"closed","sticky":false,"template":"","format":"standard","meta":{"footnotes":""},"categories":[25],"tags":[180,165,22,44],"class_list":["post-936","post","type-post","status-publish","format-standard","hentry","category-yhteiskyna","tag-kauttua","tag-pji30v","tag-pyhajarvi-instituutti","tag-villa-ahlstrom"],"rttpg_featured_image_url":null,"rttpg_author":{"display_name":"admin","author_link":"https:\/\/www.pyhajarvi-instituutti.fi\/blogi\/author\/admin\/"},"rttpg_comment":0,"rttpg_category":"<a href=\"https:\/\/www.pyhajarvi-instituutti.fi\/blogi\/category\/yhteiskyna\/\" rel=\"category tag\">Yhteiskyn\u00e4<\/a>","rttpg_excerpt":"Kauttuan pitk\u00e4ss\u00e4 teollisuushistoriassa alkoi 1980-luvun lopulla vaihe, jossa paikallinen suuryritys, A. Ahlstr\u00f6m Osakeyhti\u00f6, alkoi luopua omistuksistaan. Aluksi joistakin asunnoista, v\u00e4hitellen my\u00f6s tuotannollisista yksik\u00f6ist\u00e4\u00e4n. Kehitys noudatteli...","post_mailing_queue_ids":[],"_links":{"self":[{"href":"https:\/\/www.pyhajarvi-instituutti.fi\/blogi\/wp-json\/wp\/v2\/posts\/936","targetHints":{"allow":["GET"]}}],"collection":[{"href":"https:\/\/www.pyhajarvi-instituutti.fi\/blogi\/wp-json\/wp\/v2\/posts"}],"about":[{"href":"https:\/\/www.pyhajarvi-instituutti.fi\/blogi\/wp-json\/wp\/v2\/types\/post"}],"author":[{"embeddable":true,"href":"https:\/\/www.pyhajarvi-instituutti.fi\/blogi\/wp-json\/wp\/v2\/users\/4"}],"replies":[{"embeddable":true,"href":"https:\/\/www.pyhajarvi-instituutti.fi\/blogi\/wp-json\/wp\/v2\/comments?post=936"}],"version-history":[{"count":1,"href":"https:\/\/www.pyhajarvi-instituutti.fi\/blogi\/wp-json\/wp\/v2\/posts\/936\/revisions"}],"predecessor-version":[{"id":937,"href":"https:\/\/www.pyhajarvi-instituutti.fi\/blogi\/wp-json\/wp\/v2\/posts\/936\/revisions\/937"}],"wp:attachment":[{"href":"https:\/\/www.pyhajarvi-instituutti.fi\/blogi\/wp-json\/wp\/v2\/media?parent=936"}],"wp:term":[{"taxonomy":"category","embeddable":true,"href":"https:\/\/www.pyhajarvi-instituutti.fi\/blogi\/wp-json\/wp\/v2\/categories?post=936"},{"taxonomy":"post_tag","embeddable":true,"href":"https:\/\/www.pyhajarvi-instituutti.fi\/blogi\/wp-json\/wp\/v2\/tags?post=936"}],"curies":[{"name":"wp","href":"https:\/\/api.w.org\/{rel}","templated":true}]}}