{"id":933,"date":"2019-05-06T16:07:30","date_gmt":"2019-05-06T13:07:30","guid":{"rendered":"https:\/\/pyhajarvi-instituutti.fi\/blogi\/?p=933"},"modified":"2019-05-06T16:07:30","modified_gmt":"2019-05-06T13:07:30","slug":"maailma-muuttuu-polkaisu-kerrallaan","status":"publish","type":"post","link":"https:\/\/www.pyhajarvi-instituutti.fi\/blogi\/2019\/05\/06\/maailma-muuttuu-polkaisu-kerrallaan\/","title":{"rendered":"Maailma muuttuu polkaisu kerrallaan"},"content":{"rendered":"<p>Viime vuoden loppupuolella koin oivalluksen. Oivalluksen, joka vaati kypsyttely\u00e4 noin nelj\u00e4 vuotta. Olin j\u00e4lleen kerran l\u00e4hd\u00f6ss\u00e4 ty\u00f6p\u00e4iv\u00e4n j\u00e4lkeen k\u00e4velylenkille ihan vain sen takia, ett\u00e4 tulisi oltua edes v\u00e4h\u00e4n ulkona. Silloin jotain naksahti p\u00e4\u00e4ss\u00e4ni. Eih\u00e4n t\u00e4ss\u00e4 ole mit\u00e4\u00e4n j\u00e4rke\u00e4. Ajan autolla l\u00e4hes joka p\u00e4iv\u00e4 t\u00f6ihin Raumalta Kauttualle ja takaisin, 42 km per suunta, jolloin siihen kuluu p\u00e4iv\u00e4st\u00e4 yhteens\u00e4 yli tunti aikaa. T\u00e4m\u00e4n lis\u00e4ksi pit\u00e4\u00e4 l\u00e4hte\u00e4 erikseen lenkille, jotta saisin raitista ilmaa keuhkoihini. Olisikohan homma hoidettavissa jotenkin muuten?<\/p>\n<p>My\u00f6nn\u00e4n, ett\u00e4 t\u00e4t\u00e4 oivallusta edelsiv\u00e4t IPCC:n lokakuinen ilmastonmuutosraportti sek\u00e4 sit\u00e4 seuranneet kahvip\u00f6yt\u00e4- ym. keskustelut. Yksityisautoilu jokap\u00e4iv\u00e4isell\u00e4 ty\u00f6matkalla ja toisaalta lent\u00e4minen ulkomaan ty\u00f6reissuille, puhumattakaan sy\u00f6dyn ruoan alkuper\u00e4st\u00e4, her\u00e4ttiv\u00e4t niin keskusteluita kuin tunteitakin. Yht\u00e4kki\u00e4 omia valintoja ja el\u00e4m\u00e4ntapaa jouduttiin perustelemaan ja hakemaan synninp\u00e4\u00e4st\u00f6\u00e4 entist\u00e4 hanakammin. Mutkia suoristettiin ja asioita k\u00e4rjistettiin rankalla k\u00e4dell\u00e4. Helposti n\u00e4iss\u00e4 asioissa on my\u00f6s sellaisia olen-parempi-ihminen-kuin-te-henkisi\u00e4 vivahteita, joissa toinen osapuoli saattaa kokea p\u00e4\u00e4n sis\u00e4ll\u00e4\u00e4n turhia syyllistymisen ja ahdistuksen tunteita sek\u00e4 niiden aiheuttamaa huonoa omaatuntoa, mik\u00e4 ei pidemm\u00e4n p\u00e4\u00e4lle edist\u00e4 yht\u00e4\u00e4n mit\u00e4\u00e4n. Mielest\u00e4ni t\u00e4llaisista keskusteluns\u00e4vyist\u00e4, turhasta mustavalkoisuudesta ja ehdottomuudesta pit\u00e4isi muun muassa ymp\u00e4rist\u00f6asioista puhuttaessa p\u00e4\u00e4st\u00e4 eroon (toinen asia on ravitsemus, mutta ei siit\u00e4 t\u00e4ll\u00e4 kertaa enemp\u00e4\u00e4).<\/p>\n<p><a href=\"https:\/\/pyhajarvi-instituutti.fi\/blogi\/wp-content\/uploads\/2019\/05\/pyorakuva1-1.jpg\"><img fetchpriority=\"high\" decoding=\"async\" src=\"https:\/\/pyhajarvi-instituutti.fi\/blogi\/wp-content\/uploads\/2019\/05\/pyorakuva1-1-1024x766.jpg\" alt=\"\" width=\"1024\" height=\"766\" class=\"aligncenter size-large wp-image-931\" \/><\/a><\/p>\n<p>Olen aikuisik\u00e4ni asunut kaupunkialueella, jossa liikun paljon py\u00f6r\u00e4ll\u00e4 tai k\u00e4vellen paikasta toiseen. Hy\u00f6tyliikunta on minulle luontaista. Nykyisest\u00e4 ty\u00f6paikastani olen monille sanonut, ett\u00e4 muuten t\u00e4ydellist\u00e4, mutta sijainti suhteessa kotiini ei ole ideaali. Itselleni paras vaihtoehto olisi, ett\u00e4 ty\u00f6matka olisi sen verran lyhyt, ett\u00e4 voisin kulkea sen joka p\u00e4iv\u00e4 py\u00f6r\u00e4ll\u00e4. Kodin siirt\u00e4minen l\u00e4nsirannikolta kohti sis\u00e4maata ei t\u00e4ss\u00e4 tapauksessa tule kysymykseen, joten olen sopeutunut tilanteeseen.<\/p>\n<p>Ty\u00f6teht\u00e4v\u00e4ni Pyh\u00e4j\u00e4rvi-instituutissa olivat aluksi sellaisia, ett\u00e4 tarvitsin niiss\u00e4 autoa todella usein. My\u00f6hemmin noin puolentoistavuoden ajan ty\u00f6kaverinani oli toinen raumalainen, jonka kanssa kuljimme ty\u00f6matkaamme kimppakyydill\u00e4. T\u00e4m\u00e4n j\u00e4lkeen ty\u00f6nkuvani on huomaamattani muuttunut yh\u00e4 enemm\u00e4n toimistolla n\u00f6k\u00f6tt\u00e4miseksi ja ty\u00f6matkani yksin autoiluksi. Olin jo aiemmin pohtinut linja-autoa Rauman ja Euran v\u00e4lisen matkan taittamiseen, mutta olin hyl\u00e4nnyt ajatuksen milloin mink\u00e4kin syyn takia. Matkat linja-autoasemille ja -asemilta olivat k\u00e4vellen turhan pitki\u00e4 ja aikaa vievi\u00e4, matkaliput kalliita ja aikatauluista riippuvaisuus tuskastuttavaa. Kunnes viime vuoden lopulla koin sen oivalluksen.<\/p>\n<p>Nyky\u00e4\u00e4n Euran Matkahuollolla odottaa yli parikymment\u00e4 vuotta vanha, kolmivaihteinen Nopsa Durango, jonka otan alleni niin\u00e4 arkiaamuina, joina tulen bussilla Raumalta Euraan, ja py\u00f6r\u00e4ilen 4 km matkan Kauttualle. Raumalla kotini ja linja-autoaseman v\u00e4lisen matkan kuljen joko k\u00e4vellen tai py\u00f6r\u00e4ll\u00e4, nyky\u00e4\u00e4n yh\u00e4 useammin k\u00e4vellen, koska ajattelen sit\u00e4 mukavana vaihteluna ja ajallisesti pidemp\u00e4n\u00e4 ulkoilma-altistuksena. P\u00e4iv\u00e4n saldona on siis noin puoli tuntia py\u00f6r\u00e4ily\u00e4 ja noin puoli tuntia k\u00e4vely\u00e4. Ajallisesti ty\u00f6matkoihin menee kokonaisuudessaan n\u00e4in\u00e4 p\u00e4ivin\u00e4 reilun tunnin sijaan reilu pari tuntia, mutta toisaalta haluamani p\u00e4iv\u00e4n ulkoilu on siin\u00e4 vaiheessa jo ik\u00e4\u00e4n kuin huomaamatta tehty.<\/p>\n<p>L\u00e4hdin t\u00e4h\u00e4n linja-autolla ty\u00f6matkojen taittamiseen sill\u00e4 asenteella, ett\u00e4 kokeilen milt\u00e4 se tuntuu enk\u00e4 vaihda autoa kertaheitolla kokonaan bussiin. Kerran bussilla, kerran autolla, yhden p\u00e4iv\u00e4n et\u00e4t\u00f6iss\u00e4 kotona, sitten taas kerran autolla ja kerran bussilla. Suurin piirtein t\u00e4ll\u00e4 kaavalla olen nyt mennyt noin puoli vuotta \u2013 ja se tuntuu hyv\u00e4lt\u00e4! Minulle luontaisen hy\u00f6tyliikunnan lis\u00e4\u00e4ntyminen on tuottanut hyv\u00e4\u00e4 oloa, johon huomaan j\u00e4\u00e4neeni jopa koukkuun. Samalla hyv\u00e4\u00e4 mielt\u00e4 aiheuttaa se, ett\u00e4 tied\u00e4n ilmastovaikutukseni olevan huomattavasti pienempi kuin aiemmin, jolloin ajoin joka p\u00e4iv\u00e4 autolla t\u00f6ihin. Ja kuka tiet\u00e4\u00e4 \u2013 ehk\u00e4 viel\u00e4 joskus huomaankin kulkevani joka p\u00e4iv\u00e4 bussilla t\u00f6ihin.<\/p>\n<p><a href=\"https:\/\/pyhajarvi-instituutti.fi\/blogi\/wp-content\/uploads\/2019\/05\/pyorakuva2-1.jpg\"><img decoding=\"async\" src=\"https:\/\/pyhajarvi-instituutti.fi\/blogi\/wp-content\/uploads\/2019\/05\/pyorakuva2-1-845x1024.jpg\" alt=\"\" width=\"845\" height=\"1024\" class=\"aligncenter size-large wp-image-932\" \/><\/a><\/p>\n<p>Usein ymp\u00e4rist\u00f6n edelle asettaminen vaatii jossain m\u00e4\u00e4rin ep\u00e4mukavuusalueelle menemist\u00e4 ja sen helpoimman, halvimman ja nopeimman tavan uhraamista. \u00c4kkiselt\u00e4\u00e4n mahdottomalta tuntuva asia voikin tarkemmin ajateltuna olla ihan mahdollista. Jotta asiat muuttuvat, pit\u00e4\u00e4 l\u00e4hes aina tapahtua tottumusten sek\u00e4 toiminta- ja ajattelutapojen muuttumista. N\u00e4it\u00e4 on jokaisen itse pyritt\u00e4v\u00e4 aktiivisesti muuttamaan, koska valitettavasti muutokset vaativat my\u00f6s aikaa. Antamassani esimerkiss\u00e4 sen l\u00e4hes nelj\u00e4 vuotta.<br \/>\nSuhtaudutaan kuitenkin itseemme, toisiimme ja ymp\u00e4rist\u00f6\u00f6mme lempeydell\u00e4 ja joustavuudella. Turha syyllistyminen ja syyllist\u00e4minen eiv\u00e4t auta ket\u00e4\u00e4n eik\u00e4 mit\u00e4\u00e4n.<\/p>\n<p><em>T\u00e4ll\u00e4 viikolla (4.-12.5.) vietet\u00e4\u00e4n valtakunnallista py\u00f6r\u00e4ilyviikkoa. Py\u00f6r\u00e4ile t\u00f6ihin, kouluun, treeneihin ja kauppaan, tai edes osa matkasta. Pyh\u00e4j\u00e4rvi-instituutin henkil\u00f6kunta osallistuu t\u00e4n\u00e4 vuonna kolmatta kertaa Kilometrikisaan (www.kilometrikisa.fI), jonka tarkoituksena on kannustaa nimenomaan hy\u00f6tymatkapy\u00f6r\u00e4ilyyn. Samalla olemme mukana my\u00f6s Suomen Punaisen Ristin Ketjureaktio-ker\u00e4yksess\u00e4, jossa jokaista poljettua 25 km kohden lahjoitetaan 1 \u20ac ilmastonmuutoksen torjuntaan. Py\u00f6r\u00e4ill\u00e4\u00e4n yhdess\u00e4 ilmastonmuutosta vastaan!<\/em><\/p>\n","protected":false},"excerpt":{"rendered":"<p>Viime vuoden loppupuolella koin oivalluksen. Oivalluksen, joka vaati kypsyttely\u00e4 noin nelj\u00e4 vuotta. Olin j\u00e4lleen kerran l\u00e4hd\u00f6ss\u00e4 ty\u00f6p\u00e4iv\u00e4n j\u00e4lkeen k\u00e4velylenkille ihan vain sen takia, ett\u00e4 tulisi&#8230;<\/p>\n","protected":false},"author":4,"featured_media":0,"comment_status":"open","ping_status":"closed","sticky":false,"template":"","format":"standard","meta":{"footnotes":""},"categories":[43],"tags":[176,61,178,177,179],"class_list":["post-933","post","type-post","status-publish","format-standard","hentry","category-elisa-mikkila","tag-hiilijalanjalki","tag-kiertotalous","tag-liikenne","tag-pyoraily","tag-pyorailyviikko"],"rttpg_featured_image_url":null,"rttpg_author":{"display_name":"admin","author_link":"https:\/\/www.pyhajarvi-instituutti.fi\/blogi\/author\/admin\/"},"rttpg_comment":0,"rttpg_category":"<a href=\"https:\/\/www.pyhajarvi-instituutti.fi\/blogi\/category\/elisa-mikkila\/\" rel=\"category tag\">Asiantuntija | Elisa Mikkil\u00e4<\/a>","rttpg_excerpt":"Viime vuoden loppupuolella koin oivalluksen. Oivalluksen, joka vaati kypsyttely\u00e4 noin nelj\u00e4 vuotta. Olin j\u00e4lleen kerran l\u00e4hd\u00f6ss\u00e4 ty\u00f6p\u00e4iv\u00e4n j\u00e4lkeen k\u00e4velylenkille ihan vain sen takia, ett\u00e4 tulisi...","post_mailing_queue_ids":[],"_links":{"self":[{"href":"https:\/\/www.pyhajarvi-instituutti.fi\/blogi\/wp-json\/wp\/v2\/posts\/933","targetHints":{"allow":["GET"]}}],"collection":[{"href":"https:\/\/www.pyhajarvi-instituutti.fi\/blogi\/wp-json\/wp\/v2\/posts"}],"about":[{"href":"https:\/\/www.pyhajarvi-instituutti.fi\/blogi\/wp-json\/wp\/v2\/types\/post"}],"author":[{"embeddable":true,"href":"https:\/\/www.pyhajarvi-instituutti.fi\/blogi\/wp-json\/wp\/v2\/users\/4"}],"replies":[{"embeddable":true,"href":"https:\/\/www.pyhajarvi-instituutti.fi\/blogi\/wp-json\/wp\/v2\/comments?post=933"}],"version-history":[{"count":1,"href":"https:\/\/www.pyhajarvi-instituutti.fi\/blogi\/wp-json\/wp\/v2\/posts\/933\/revisions"}],"predecessor-version":[{"id":934,"href":"https:\/\/www.pyhajarvi-instituutti.fi\/blogi\/wp-json\/wp\/v2\/posts\/933\/revisions\/934"}],"wp:attachment":[{"href":"https:\/\/www.pyhajarvi-instituutti.fi\/blogi\/wp-json\/wp\/v2\/media?parent=933"}],"wp:term":[{"taxonomy":"category","embeddable":true,"href":"https:\/\/www.pyhajarvi-instituutti.fi\/blogi\/wp-json\/wp\/v2\/categories?post=933"},{"taxonomy":"post_tag","embeddable":true,"href":"https:\/\/www.pyhajarvi-instituutti.fi\/blogi\/wp-json\/wp\/v2\/tags?post=933"}],"curies":[{"name":"wp","href":"https:\/\/api.w.org\/{rel}","templated":true}]}}