{"id":869,"date":"2019-02-25T10:13:36","date_gmt":"2019-02-25T08:13:36","guid":{"rendered":"https:\/\/pyhajarvi-instituutti.fi\/blogi\/?p=869"},"modified":"2019-03-13T10:46:16","modified_gmt":"2019-03-13T08:46:16","slug":"kaymme-yhdessa-ain","status":"publish","type":"post","link":"https:\/\/www.pyhajarvi-instituutti.fi\/blogi\/2019\/02\/25\/kaymme-yhdessa-ain\/","title":{"rendered":"K\u00e4ymme yhdess\u00e4 ain&#8230;"},"content":{"rendered":"<p><a href=\"https:\/\/pyhajarvi-instituutti.fi\/blogi\/wp-content\/uploads\/2019\/02\/IMG_0317.jpg\"><img fetchpriority=\"high\" decoding=\"async\" src=\"https:\/\/pyhajarvi-instituutti.fi\/blogi\/wp-content\/uploads\/2019\/02\/IMG_0317.jpg\" alt=\"\" width=\"4409\" height=\"2943\" class=\"aligncenter size-full wp-image-868\" \/><\/a><\/p>\n<p>Virkavapaavuoteni j\u00e4lkeen palasin t\u00e4m\u00e4n vuoden alussa kauniiseen Ruukinpuistoon ja tuttuun ty\u00f6paikkaani Pyh\u00e4j\u00e4rvi-instituuttiin. Villa Ahlstr\u00f6min ovesta sis\u00e4\u00e4n astuessani ihailin j\u00e4lleen kerran ikkunasta avautuvaa rakasta h\u00e4ik\u00e4isev\u00e4\u00e4 Pyh\u00e4j\u00e4rven maisemaa, joka kylpi auringonnousun kultaisessa valossa. Mieless\u00e4ni mietin, ett\u00e4 olen valtavan ylpe\u00e4 Euran ja naapurikuntien virkamiehist\u00e4 ja luottamushenkil\u00f6ist\u00e4, elintarvikeyrityksist\u00e4 ja Turun yliopistosta, jotka perustivat Pyh\u00e4j\u00e4rvi-instituuttis\u00e4\u00e4ti\u00f6n. He olivat todella kaukon\u00e4k\u00f6isi\u00e4 ja edell\u00e4k\u00e4vij\u00f6it\u00e4 ideoidessaan instituutin toiminnan sis\u00e4lt\u00f6\u00e4. S\u00e4\u00e4ti\u00f6n s\u00e4\u00e4dekirjassa instituutin teht\u00e4v\u00e4ksi on kirjattu elintarviketalouden ja ymp\u00e4rist\u00f6nsuojelun edist\u00e4minen, jota nyt on menestyksellisesti toteutettu 30 vuotta. Ruoantuotanto ja vesist\u00f6t ovat t\u00e4n\u00e4 p\u00e4iv\u00e4n\u00e4 aiempaakin ajankohtaisempia ja t\u00e4rke\u00e4mpi\u00e4 ja ne ovat vahvasti kytk\u00f6ksiss\u00e4 toisiinsa. Ne ovat vahvoja vetovoimatekij\u00f6it\u00e4 ja tuovat elinvoimaa seudulle. Muuttuva maailma, kuten ilmastonmuutos, aiheuttaa kuitenkin lis\u00e4haasteita. <\/p>\n<p>Melko tarkkaan 30 vuotta sitten k\u00e4velin Turussa Aurajoen rantaa pitkin yliopistolta kohti valtion virastotaloa. Olin menossa ty\u00f6haastatteluun Turun vesi- ja ymp\u00e4rist\u00f6piiriin j\u00e4nnittyneen\u00e4 ja ep\u00e4varmana. Opinnot olivat lopuillaan, ja tulevaisuus oli iso kysymysmerkki: Mit\u00e4 tapahtuu, kun valmistun? Tulenko saamaan koulutustani vastaavia t\u00f6it\u00e4? En arvannutkaan, kuinka ratkaiseva tuosta p\u00e4iv\u00e4st\u00e4 tuli ty\u00f6urani kannalta. Sain ty\u00f6paikan ja seuraavan kes\u00e4n kolusin Satakunnan ja Varsinais-Suomen puroja, lampia ja l\u00e4hteit\u00e4. Sen kes\u00e4n j\u00e4lkeen tiesin, ett\u00e4 haluan tehd\u00e4 ty\u00f6t\u00e4 vesist\u00f6jen hyv\u00e4ksi!<\/p>\n<p>Yhteisty\u00f6 Pyh\u00e4j\u00e4rvi-instituutin kanssa alkoi melkein heti ty\u00f6urani alussa l\u00e4hinn\u00e4 Eurajoen ja Pyh\u00e4j\u00e4rven tilan tiimoilta. Vuonna 1995 perustettiin Pyh\u00e4j\u00e4rven suojelurahasto ja yhteisty\u00f6 edelleen tiivistyi. Yksi merkitt\u00e4vimpi\u00e4 jaksoja ty\u00f6urallani onkin ollut vuosijaksolla 1996-2000 toteutettu laaja Pyh\u00e4j\u00e4rviLife \u2013hanke, jonka puitteissa aloitettiin m\u00e4\u00e4r\u00e4tietoinen ja konkreettinen ravinnekuormituksen v\u00e4hent\u00e4miseen t\u00e4ht\u00e4\u00e4v\u00e4 vesiensuojelu Pyh\u00e4j\u00e4rven valuma-alueella. Uutta kokemusta hamuavana olin taas v\u00e4lill\u00e4 virkamiehen\u00e4 aluehallinnossa ja johtajana ymp\u00e4rist\u00f6alan yrityksess\u00e4, mutta tiivis yhteys instituuttiin s\u00e4ilyi koko ajan. Ympyr\u00e4 sulkeutui vuonna 2007, kun minut valittiin Pyh\u00e4j\u00e4rvi-instituutin toiminnanjohtajaksi ja astuin isoihin saappaisiin edelt\u00e4j\u00e4ni Erkki Salomaan j\u00e4lkeen.<\/p>\n<p>Pyh\u00e4j\u00e4rvi-instituutti ja sen henkil\u00f6kunta ovat minulle \u00e4\u00e4rimm\u00e4isen t\u00e4rkeit\u00e4 ja instituutin teemoihin olen syd\u00e4mest\u00e4ni sitoutunut. Pyh\u00e4j\u00e4rviseudulla ja koko Satakunnalla on loistavat edellytykset profiloitua kest\u00e4v\u00e4n ja laadukkaan ruoantuotannon, vesiensuojelun ja biomassoihin perustuvan kiertotalouden mallimaakuntana. Pyh\u00e4j\u00e4rvi-instituutti tulee jatkossakin tekem\u00e4\u00e4n parhaansa n\u00e4iden teemojen edist\u00e4miseksi.<\/p>\n<p>Pyh\u00e4j\u00e4rvi-instituutti juhlii t\u00e4n\u00e4 vuonna 30-vuotista olemassaoloaan ja min\u00e4 juhlin 30-vuotista ty\u00f6uraani. Olemme ty\u00f6skennelleet 30 vuotta yhdess\u00e4 ja rinnakkain. Yhteinen taival jatkuu ja p\u00e4\u00e4ss\u00e4ni soi korvamato \u201dK\u00e4ymme yhdess\u00e4 ain\u2026\u201d<\/p>\n<p>Instituutti aloittaa juhlavuotensa tapahtumat j\u00e4rjest\u00e4m\u00e4ll\u00e4 25.2.2019 kansanedustajaehdokkaille Euran pirtill\u00e4 vaalipaneelin, jonka teemoina ovat ruoka, vesist\u00f6t ja kiertotalous. Vuoden mittaan j\u00e4rjest\u00e4mme useita tapahtumia. Tervetuloa juhlimaan kanssamme!<\/p>\n<p><em>Teksti on osa kuukausittain ilmestyv\u00e4\u00e4 Pyh\u00e4j\u00e4rven puolesta -juttusarjaa, jota on julkaistu Auranmaan Viikkolehdess\u00e4 ja Alasatakunta-lehdess\u00e4 jo vuodesta 1995. Juttusarjan kaikki jutut on luettavistaa Pyh\u00e4j\u00e4rven suojeluohjelman sivuilta <a href=\"http:\/\/www.pyhajarvensuojelu.net\/default10.asp?active_page_id=155\" target=\"_blank\">t\u00e4\u00e4lt\u00e4<\/a>.<\/em><\/p>\n","protected":false},"excerpt":{"rendered":"<p>Virkavapaavuoteni j\u00e4lkeen palasin t\u00e4m\u00e4n vuoden alussa kauniiseen Ruukinpuistoon ja tuttuun ty\u00f6paikkaani Pyh\u00e4j\u00e4rvi-instituuttiin. Villa Ahlstr\u00f6min ovesta sis\u00e4\u00e4n astuessani ihailin j\u00e4lleen kerran ikkunasta avautuvaa rakasta h\u00e4ik\u00e4isev\u00e4\u00e4 Pyh\u00e4j\u00e4rven&#8230;<\/p>\n","protected":false},"author":4,"featured_media":0,"comment_status":"open","ping_status":"closed","sticky":false,"template":"","format":"standard","meta":{"footnotes":""},"categories":[12],"tags":[165,33,22],"class_list":["post-869","post","type-post","status-publish","format-standard","hentry","category-teija-kirkkala","tag-pji30v","tag-pyhajarven-puolesta","tag-pyhajarvi-instituutti"],"rttpg_featured_image_url":null,"rttpg_author":{"display_name":"admin","author_link":"https:\/\/www.pyhajarvi-instituutti.fi\/blogi\/author\/admin\/"},"rttpg_comment":0,"rttpg_category":"<a href=\"https:\/\/www.pyhajarvi-instituutti.fi\/blogi\/category\/teija-kirkkala\/\" rel=\"category tag\">Toiminnanjohtaja | Teija Kirkkala<\/a>","rttpg_excerpt":"Virkavapaavuoteni j\u00e4lkeen palasin t\u00e4m\u00e4n vuoden alussa kauniiseen Ruukinpuistoon ja tuttuun ty\u00f6paikkaani Pyh\u00e4j\u00e4rvi-instituuttiin. Villa Ahlstr\u00f6min ovesta sis\u00e4\u00e4n astuessani ihailin j\u00e4lleen kerran ikkunasta avautuvaa rakasta h\u00e4ik\u00e4isev\u00e4\u00e4 Pyh\u00e4j\u00e4rven...","post_mailing_queue_ids":[],"_links":{"self":[{"href":"https:\/\/www.pyhajarvi-instituutti.fi\/blogi\/wp-json\/wp\/v2\/posts\/869","targetHints":{"allow":["GET"]}}],"collection":[{"href":"https:\/\/www.pyhajarvi-instituutti.fi\/blogi\/wp-json\/wp\/v2\/posts"}],"about":[{"href":"https:\/\/www.pyhajarvi-instituutti.fi\/blogi\/wp-json\/wp\/v2\/types\/post"}],"author":[{"embeddable":true,"href":"https:\/\/www.pyhajarvi-instituutti.fi\/blogi\/wp-json\/wp\/v2\/users\/4"}],"replies":[{"embeddable":true,"href":"https:\/\/www.pyhajarvi-instituutti.fi\/blogi\/wp-json\/wp\/v2\/comments?post=869"}],"version-history":[{"count":5,"href":"https:\/\/www.pyhajarvi-instituutti.fi\/blogi\/wp-json\/wp\/v2\/posts\/869\/revisions"}],"predecessor-version":[{"id":874,"href":"https:\/\/www.pyhajarvi-instituutti.fi\/blogi\/wp-json\/wp\/v2\/posts\/869\/revisions\/874"}],"wp:attachment":[{"href":"https:\/\/www.pyhajarvi-instituutti.fi\/blogi\/wp-json\/wp\/v2\/media?parent=869"}],"wp:term":[{"taxonomy":"category","embeddable":true,"href":"https:\/\/www.pyhajarvi-instituutti.fi\/blogi\/wp-json\/wp\/v2\/categories?post=869"},{"taxonomy":"post_tag","embeddable":true,"href":"https:\/\/www.pyhajarvi-instituutti.fi\/blogi\/wp-json\/wp\/v2\/tags?post=869"}],"curies":[{"name":"wp","href":"https:\/\/api.w.org\/{rel}","templated":true}]}}