{"id":679,"date":"2017-06-15T11:01:39","date_gmt":"2017-06-15T08:01:39","guid":{"rendered":"https:\/\/pyhajarvi-instituutti.fi\/blogi\/?p=679"},"modified":"2017-10-12T11:02:43","modified_gmt":"2017-10-12T08:02:43","slug":"nuorten-tyoviikko","status":"publish","type":"post","link":"https:\/\/www.pyhajarvi-instituutti.fi\/blogi\/2017\/06\/15\/nuorten-tyoviikko\/","title":{"rendered":"Nuorten ty\u00f6viikko"},"content":{"rendered":"<p>\u201dMit\u00e4 Pyh\u00e4j\u00e4rvi merkitsee: monimuotoista eli\u00f6yhteis\u00f6\u00e4, virkist\u00e4ytymist\u00e4, monelle henkinen voimavara.\u201d N\u00e4in kommentoi Pyh\u00e4j\u00e4rve\u00e4 yksi reippaista nuorista Euran kunnan nuorten ty\u00f6viikolla. Jo toisen kerran j\u00e4rjestetty nuorten ty\u00f6viikko ker\u00e4si 10 paikkakuntalaista nuorta kes\u00e4t\u00f6ihin viikon ajaksi. Pyh\u00e4j\u00e4rvi-instituutti oli mukana j\u00e4rjest\u00e4m\u00e4ss\u00e4 ty\u00f6teht\u00e4vi\u00e4 kunnan nuorisopalvelun kokoamalle ryhm\u00e4lle.<\/p>\n<p>Viikon aikana nuoret osallistuivat Pyh\u00e4j\u00e4rven suojeluty\u00f6h\u00f6n siivoamalla Hevossuonrannan ja Myllyojanlahden rannan orgaanisesta j\u00e4tteest\u00e4 ja ker\u00e4\u00e4m\u00e4ll\u00e4 vieraslajeja Panelian rivimyllyn ymp\u00e4rist\u00f6st\u00e4. <\/p>\n<p><a href=\"https:\/\/pyhajarvi-instituutti.fi\/blogi\/wp-content\/uploads\/2017\/10\/Hevossuonranta4.jpg\"><img fetchpriority=\"high\" decoding=\"async\" src=\"https:\/\/pyhajarvi-instituutti.fi\/blogi\/wp-content\/uploads\/2017\/10\/Hevossuonranta4-768x576.jpg\" alt=\"hevossuonranta4\" width=\"768\" height=\"576\" class=\"aligncenter size-medium_large wp-image-684\" \/><\/a><\/p>\n<p>Mustaa m\u00f6nj\u00e4\u00e4 oli ker\u00e4\u00e4ntynyt isoiksi kasoiksi rannoille ja sit\u00e4 poistettiinkin lavakaupalla aurinkoisessa kes\u00e4s\u00e4\u00e4ss\u00e4. Rantojen siistiminen on t\u00e4rke\u00e4\u00e4 ty\u00f6t\u00e4, sill\u00e4 puhtailta rannoilta on mukavampi pulahtaa veteen.<\/p>\n<p>Kun kysyimme nuorilta mit\u00e4 Pyh\u00e4j\u00e4rvi heille merkitsee, suurin osa vastauksista liittyi juuri uimiseen.<br \/>\n\u201dUimapaikka\u201d<br \/>\n\u201dUiminen, huvi ja viihde.\u201d<br \/>\n\u201dSiell\u00e4 on kiva olla, uida ja veneill\u00e4.\u201d<br \/>\n\u201dVapaa-aikana viett\u00e4\u00e4 aikaa, juhlien uintipaikka\/mahdollisuus.\u201d<br \/>\n\u201dPyh\u00e4j\u00e4rvess\u00e4 on kiva uida.\u201d<br \/>\n\u201dPyh\u00e4j\u00e4rvess\u00e4 on kiva uida kes\u00e4ll\u00e4. Pyh\u00e4j\u00e4rven avulla l\u00f6yd\u00e4n Euran nopeasti kartalta.\u201d<\/p>\n<p><a href=\"https:\/\/pyhajarvi-instituutti.fi\/blogi\/wp-content\/uploads\/2017\/10\/Myllyojanlahti16.jpg\"><img decoding=\"async\" src=\"https:\/\/pyhajarvi-instituutti.fi\/blogi\/wp-content\/uploads\/2017\/10\/Myllyojanlahti16-768x576.jpg\" alt=\"myllyojanlahti16\" width=\"768\" height=\"576\" class=\"aligncenter size-medium_large wp-image-683\" \/><\/a><\/p>\n<p>Uimisen lis\u00e4ksi t\u00e4rke\u00e4n\u00e4 vapaa-ajan mahdollisuutena nousi esiin kalastus.<br \/>\n\u201dPyh\u00e4j\u00e4rvess\u00e4 on kiva kalastaa, koska sielt\u00e4 saa paljon kalaa.\u201d<br \/>\n\u201dPyh\u00e4j\u00e4rvi on hieno kalastus- ja virkistysalue.\u201d<\/p>\n<p>Onneksi Pyh\u00e4j\u00e4rvest\u00e4 ei kuitenkaan l\u00f6ydy normaalista poikkeavia lajeja.<br \/>\n\u201dPyh\u00e4j\u00e4rvess\u00e4 ei ole valaita eik\u00e4 merihirvi\u00f6it\u00e4.\u201d<\/p>\n<p><a href=\"https:\/\/pyhajarvi-instituutti.fi\/blogi\/wp-content\/uploads\/2017\/10\/Panelian_rivimylly15.jpg\"><img decoding=\"async\" src=\"https:\/\/pyhajarvi-instituutti.fi\/blogi\/wp-content\/uploads\/2017\/10\/Panelian_rivimylly15-768x576.jpg\" alt=\"panelian_rivimylly15\" width=\"768\" height=\"576\" class=\"aligncenter size-medium_large wp-image-682\" \/><\/a><\/p>\n<p>Panelian Rivimyllylt\u00e4 nuoret poistivat j\u00e4ttipalsamia, joka on haitallinen ja helposti levi\u00e4v\u00e4 vieraslaji. Yksi j\u00e4ttipalsami yksil\u00f6 voi tuottaa jopa 4000 siement\u00e4 ja singota ne 7 metrin p\u00e4\u00e4h\u00e4n. P\u00e4iv\u00e4 oli sateinen, mutta se ei haitannut ty\u00f6ntekoa. Ja p\u00e4\u00e4sih\u00e4n sadetta suojaan yli 150 vuotta vanhaan Rivimyllyyn.<\/p>\n<p>Isot kiitokset ahkerille nuorille t\u00e4rke\u00e4st\u00e4 ty\u00f6st\u00e4 l\u00e4hiymp\u00e4rist\u00f6mme hyv\u00e4ksi!<\/p>\n<p><a href=\"https:\/\/pyhajarvi-instituutti.fi\/blogi\/wp-content\/uploads\/2016\/03\/WClogorivikuvana_interreg.jpg\"><img loading=\"lazy\" decoding=\"async\" src=\"https:\/\/pyhajarvi-instituutti.fi\/blogi\/wp-content\/uploads\/2016\/03\/WClogorivikuvana_interreg.jpg\" alt=\"WClogorivikuvana_interreg\" width=\"1000\" height=\"109\" class=\"aligncenter size-full wp-image-308\" \/><\/a><br \/>\n<a href=\"https:\/\/pyhajarvi-instituutti.fi\/blogi\/wp-content\/uploads\/2016\/03\/WClogorivikuvana.jpg\"><img loading=\"lazy\" decoding=\"async\" src=\"https:\/\/pyhajarvi-instituutti.fi\/blogi\/wp-content\/uploads\/2016\/03\/WClogorivikuvana.jpg\" alt=\"WClogorivikuvana\" width=\"1002\" height=\"159\" class=\"aligncenter size-full wp-image-307\" \/><\/a><\/p>\n","protected":false},"excerpt":{"rendered":"<p>\u201dMit\u00e4 Pyh\u00e4j\u00e4rvi merkitsee: monimuotoista eli\u00f6yhteis\u00f6\u00e4, virkist\u00e4ytymist\u00e4, monelle henkinen voimavara.\u201d N\u00e4in kommentoi Pyh\u00e4j\u00e4rve\u00e4 yksi reippaista nuorista Euran kunnan nuorten ty\u00f6viikolla. Jo toisen kerran j\u00e4rjestetty nuorten ty\u00f6viikko&#8230;<\/p>\n","protected":false},"author":4,"featured_media":0,"comment_status":"open","ping_status":"closed","sticky":false,"template":"","format":"standard","meta":{"footnotes":""},"categories":[108],"tags":[85,28,26,66],"class_list":["post-679","post","type-post","status-publish","format-standard","hentry","category-harjoittelija-laura-virtanen","tag-lahivesi","tag-nuorten-tyoviikko","tag-pyhajarven-suojelu","tag-waterchain"],"rttpg_featured_image_url":null,"rttpg_author":{"display_name":"admin","author_link":"https:\/\/www.pyhajarvi-instituutti.fi\/blogi\/author\/admin\/"},"rttpg_comment":0,"rttpg_category":"<a href=\"https:\/\/www.pyhajarvi-instituutti.fi\/blogi\/category\/harjoittelija-laura-virtanen\/\" rel=\"category tag\">Kentt\u00e4ty\u00f6ntekij\u00e4 | Laura Virtanen<\/a>","rttpg_excerpt":"\u201dMit\u00e4 Pyh\u00e4j\u00e4rvi merkitsee: monimuotoista eli\u00f6yhteis\u00f6\u00e4, virkist\u00e4ytymist\u00e4, monelle henkinen voimavara.\u201d N\u00e4in kommentoi Pyh\u00e4j\u00e4rve\u00e4 yksi reippaista nuorista Euran kunnan nuorten ty\u00f6viikolla. Jo toisen kerran j\u00e4rjestetty nuorten ty\u00f6viikko...","post_mailing_queue_ids":[],"_links":{"self":[{"href":"https:\/\/www.pyhajarvi-instituutti.fi\/blogi\/wp-json\/wp\/v2\/posts\/679","targetHints":{"allow":["GET"]}}],"collection":[{"href":"https:\/\/www.pyhajarvi-instituutti.fi\/blogi\/wp-json\/wp\/v2\/posts"}],"about":[{"href":"https:\/\/www.pyhajarvi-instituutti.fi\/blogi\/wp-json\/wp\/v2\/types\/post"}],"author":[{"embeddable":true,"href":"https:\/\/www.pyhajarvi-instituutti.fi\/blogi\/wp-json\/wp\/v2\/users\/4"}],"replies":[{"embeddable":true,"href":"https:\/\/www.pyhajarvi-instituutti.fi\/blogi\/wp-json\/wp\/v2\/comments?post=679"}],"version-history":[{"count":2,"href":"https:\/\/www.pyhajarvi-instituutti.fi\/blogi\/wp-json\/wp\/v2\/posts\/679\/revisions"}],"predecessor-version":[{"id":685,"href":"https:\/\/www.pyhajarvi-instituutti.fi\/blogi\/wp-json\/wp\/v2\/posts\/679\/revisions\/685"}],"wp:attachment":[{"href":"https:\/\/www.pyhajarvi-instituutti.fi\/blogi\/wp-json\/wp\/v2\/media?parent=679"}],"wp:term":[{"taxonomy":"category","embeddable":true,"href":"https:\/\/www.pyhajarvi-instituutti.fi\/blogi\/wp-json\/wp\/v2\/categories?post=679"},{"taxonomy":"post_tag","embeddable":true,"href":"https:\/\/www.pyhajarvi-instituutti.fi\/blogi\/wp-json\/wp\/v2\/tags?post=679"}],"curies":[{"name":"wp","href":"https:\/\/api.w.org\/{rel}","templated":true}]}}