{"id":610,"date":"2017-06-12T15:41:34","date_gmt":"2017-06-12T12:41:34","guid":{"rendered":"https:\/\/pyhajarvi-instituutti.fi\/blogi\/?p=610"},"modified":"2017-06-12T15:41:34","modified_gmt":"2017-06-12T12:41:34","slug":"vilman-pyhajarvi","status":"publish","type":"post","link":"https:\/\/www.pyhajarvi-instituutti.fi\/blogi\/2017\/06\/12\/vilman-pyhajarvi\/","title":{"rendered":"Vilman Pyh\u00e4j\u00e4rvi"},"content":{"rendered":"<p>Ensimm\u00e4isi\u00e4 muistojani j\u00e4rvest\u00e4 ovat, kun olimme perheeni kanssa rannalla uimassa ja paistamassa makkaraa grillikatoksessa, kun olin noin p\u00e4iv\u00e4koti-ik\u00e4inen. Kes\u00e4isin k\u00e4yn l\u00e4hes p\u00e4ivitt\u00e4in uimassa Pyh\u00e4j\u00e4rvess\u00e4. Asun noin 200m p\u00e4\u00e4ss\u00e4 yleisest\u00e4 uimarannasta, jossa on my\u00f6s yleinen sauna, jonka l\u00e4mmit\u00e4mme itse, jos olemme ensimm\u00e4iset uimarit rannalla. Samalla kun sauna l\u00e4mpenee, loikoilemme rannalla ja otamme aurinkoa. Saunan l\u00e4mmetty\u00e4 otamme kunnon l\u00f6ylyt ja juoksemme viile\u00e4\u00e4n kirkkaaseen veteen.<\/p>\n<p><a href=\"https:\/\/pyhajarvi-instituutti.fi\/blogi\/wp-content\/uploads\/2017\/06\/IMG_5398.jpg\"><img fetchpriority=\"high\" decoding=\"async\" src=\"https:\/\/pyhajarvi-instituutti.fi\/blogi\/wp-content\/uploads\/2017\/06\/IMG_5398-768x512.jpg\" alt=\"img_5398\" width=\"768\" height=\"512\" class=\"aligncenter size-medium_large wp-image-612\" \/><\/a><\/p>\n<p>Pyh\u00e4j\u00e4rvi tarjoaa paljon kauniita maisemia. Veteen heijastuva taivas, rantoja reunustavat vihre\u00e4t puut ja kaunis auringonlasku ovat n\u00e4kemisen arvoisia. K\u00e4ynkin usein, kun olen koiramme kanssa lenkill\u00e4, istuskelemassa Pyh\u00e4j\u00e4rven rannalla vain ihastelemassa maisemia. Rannalla on yleens\u00e4 niin hiljaista, ett\u00e4 vain aaltojen ja lintujen \u00e4\u00e4net kantautuvat korviin. Veden liplatus ja l\u00e4mpim\u00e4t auringon s\u00e4teet kasvoilla rauhoittavat mielt\u00e4 kummasti. <\/p>\n<p>Saatamme kes\u00e4ll\u00e4 my\u00f6s k\u00e4yd\u00e4 narraamassa kaloja. Kalastamme veljeni kanssa aika harvoin Pyh\u00e4j\u00e4rvess\u00e4, koska emme omista venett\u00e4, jolla p\u00e4\u00e4sisi v\u00e4h\u00e4n kauemmas rannasta. Kalastus on kuitenkin minulla, veljell\u00e4ni ja is\u00e4ll\u00e4ni l\u00e4hell\u00e4 syd\u00e4nt\u00e4. Mik\u00e4\u00e4n ei voita sit\u00e4 tunnetta, kun saa ison kalan siiman p\u00e4\u00e4h\u00e4n. K\u00e4ymme joka vuosi Lapissa Sodankyl\u00e4ss\u00e4 isovanhempieni luona. Y\u00f6vymme yleens\u00e4 Mummin m\u00f6kill\u00e4, joka sijaitsee Keluj\u00e4rven rannalla. Sain 2015 vuoden kes\u00e4ll\u00e4 Keluj\u00e4rvest\u00e4 virvelill\u00e4 noin 3kg hauen. Ison kalan saaminen tuntui uskomattomalta. Se oli hieno kokemus. Olemme olleet my\u00f6s Norjassa ja Tenojoella kalastamassa. Tenolta sain harjuksia ja saimme veljeni kanssa koittaa my\u00f6s perhokalastusta. Veneilimme Tenolla paljon. Vene oli kapea kanoottimainen ja siin\u00e4 oli moottori. Tenolla sain my\u00f6s uuden yst\u00e4v\u00e4n, jonka kanssa k\u00e4vimme my\u00f6s Tenossa uimassa.<\/p>\n<p>Syksyll\u00e4 Pyh\u00e4j\u00e4rven rantoja reunustavat kirjavalehtiset puut. Syysiltoina auringonlasku on hyvin kaunis n\u00e4ky. Taivaan valtaa kauniit oranssin ja keltaisen s\u00e4vyt, kun ilta alkaa k\u00e4\u00e4nty\u00e4 y\u00f6ksi. Jos tuulisena syysp\u00e4iv\u00e4n\u00e4 istahtaa kuuntelemaan j\u00e4rven \u00e4\u00e4ni\u00e4 kuulee, kun suuret aallot vy\u00f6ryv\u00e4t rantaan. Syksyll\u00e4 teemme paljon mets\u00e4retki\u00e4 mets\u00e4styskoiramme kanssa. Syysmets\u00e4ss\u00e4 parasta on kauniit v\u00e4rit ja mets\u00e4n tuoksu. L\u00e4hell\u00e4 kotiamme kulkee luontopolku joka alkaa Yl\u00e4neenjoen rannasta ja k\u00e4\u00e4ntyy sitten mets\u00e4\u00e4n. Polun varrella on pitkospuita suolla, opastauluja ja kauniita maisemia.<\/p>\n<p><a href=\"https:\/\/pyhajarvi-instituutti.fi\/blogi\/wp-content\/uploads\/2017\/06\/IMG_5394.jpg\"><img decoding=\"async\" src=\"https:\/\/pyhajarvi-instituutti.fi\/blogi\/wp-content\/uploads\/2017\/06\/IMG_5394-768x512.jpg\" alt=\"img_5394\" width=\"768\" height=\"512\" class=\"aligncenter size-medium_large wp-image-613\" \/><\/a><\/p>\n<p>Talvella Pyh\u00e4j\u00e4rven j\u00e4\u00e4ll\u00e4 n\u00e4kyy paljon pilkkij\u00f6it\u00e4. Itse en pilkkimisest\u00e4 niin v\u00e4lit\u00e4, mutta voihan j\u00e4rven j\u00e4\u00e4ll\u00e4 tehd\u00e4 paljon muutakin esimerkiksi luistella tai hiiht\u00e4\u00e4. Pyh\u00e4j\u00e4rvi on my\u00f6s talvella hyvin kaunis. Lumi kimaltelee auringossa ja pakkanen nipistelee nen\u00e4n p\u00e4\u00e4t\u00e4. <\/p>\n<p>Olen asunut Pyh\u00e4j\u00e4rven rannalla koko el\u00e4m\u00e4ni ja se on ollut ihana asuinpaikka l\u00e4hell\u00e4 vett\u00e4 ja luontoa. Pyh\u00e4j\u00e4rvi on kaunis j\u00e4rvi ja siksi sen suojelu on my\u00f6s todella t\u00e4rke\u00e4\u00e4. Itse en halua saastuttaa j\u00e4rve\u00e4 tai sit\u00e4 ymp\u00e4r\u00f6iv\u00e4\u00e4 luontoa. Ettei j\u00e4rvi menisi huonoon kuntoon kaikkien pit\u00e4isi huolehtia omat roskansa roskikseen eik\u00e4 j\u00e4tt\u00e4\u00e4 niit\u00e4 luontoon tai heitt\u00e4\u00e4 j\u00e4rveen tai jokeen. Itse huolehdin aina roskani roskikseen.<\/p>\n<p>Pyh\u00e4j\u00e4rvess\u00e4 parasta on sen tarjoamat erilaiset harrastukset kuten kalastus ja uiminen. Pyh\u00e4j\u00e4rven maisemat ovat my\u00f6s todella kauniit.  <\/p>\n<p>Pyh\u00e4j\u00e4rvi on kaunis j\u00e4rvi ja voimme yhdess\u00e4 suojella sit\u00e4.<\/p>\n<p>Teksti: Vilma Vaarala, 13v.<\/p>\n<p><em>Teksti on osa kuukausittain ilmestyv\u00e4\u00e4 Pyh\u00e4j\u00e4rven puolesta -juttusarjaa, jota on julkaistu Auranmaan Viikkolehdess\u00e4 ja Alasatakunta-lehdess\u00e4 jo vuodesta 1995. Juttusarjan kaikki jutut on luettavistaa Pyh\u00e4j\u00e4rven suojeluohjelman sivuilta <a href=\"http:\/\/www.pyhajarvensuojelu.net\/default10.asp?active_page_id=155\" target=\"_blank\">t\u00e4\u00e4lt\u00e4<\/a>.<\/em><\/p>\n","protected":false},"excerpt":{"rendered":"<p>Ensimm\u00e4isi\u00e4 muistojani j\u00e4rvest\u00e4 ovat, kun olimme perheeni kanssa rannalla uimassa ja paistamassa makkaraa grillikatoksessa, kun olin noin p\u00e4iv\u00e4koti-ik\u00e4inen. Kes\u00e4isin k\u00e4yn l\u00e4hes p\u00e4ivitt\u00e4in uimassa Pyh\u00e4j\u00e4rvess\u00e4. Asun&#8230;<\/p>\n","protected":false},"author":4,"featured_media":0,"comment_status":"open","ping_status":"closed","sticky":false,"template":"","format":"standard","meta":{"footnotes":""},"categories":[25],"tags":[26,40],"class_list":["post-610","post","type-post","status-publish","format-standard","hentry","category-yhteiskyna","tag-pyhajarven-suojelu","tag-pyhajarvi"],"rttpg_featured_image_url":null,"rttpg_author":{"display_name":"admin","author_link":"https:\/\/www.pyhajarvi-instituutti.fi\/blogi\/author\/admin\/"},"rttpg_comment":0,"rttpg_category":"<a href=\"https:\/\/www.pyhajarvi-instituutti.fi\/blogi\/category\/yhteiskyna\/\" rel=\"category tag\">Yhteiskyn\u00e4<\/a>","rttpg_excerpt":"Ensimm\u00e4isi\u00e4 muistojani j\u00e4rvest\u00e4 ovat, kun olimme perheeni kanssa rannalla uimassa ja paistamassa makkaraa grillikatoksessa, kun olin noin p\u00e4iv\u00e4koti-ik\u00e4inen. Kes\u00e4isin k\u00e4yn l\u00e4hes p\u00e4ivitt\u00e4in uimassa Pyh\u00e4j\u00e4rvess\u00e4. Asun...","post_mailing_queue_ids":[],"_links":{"self":[{"href":"https:\/\/www.pyhajarvi-instituutti.fi\/blogi\/wp-json\/wp\/v2\/posts\/610","targetHints":{"allow":["GET"]}}],"collection":[{"href":"https:\/\/www.pyhajarvi-instituutti.fi\/blogi\/wp-json\/wp\/v2\/posts"}],"about":[{"href":"https:\/\/www.pyhajarvi-instituutti.fi\/blogi\/wp-json\/wp\/v2\/types\/post"}],"author":[{"embeddable":true,"href":"https:\/\/www.pyhajarvi-instituutti.fi\/blogi\/wp-json\/wp\/v2\/users\/4"}],"replies":[{"embeddable":true,"href":"https:\/\/www.pyhajarvi-instituutti.fi\/blogi\/wp-json\/wp\/v2\/comments?post=610"}],"version-history":[{"count":4,"href":"https:\/\/www.pyhajarvi-instituutti.fi\/blogi\/wp-json\/wp\/v2\/posts\/610\/revisions"}],"predecessor-version":[{"id":616,"href":"https:\/\/www.pyhajarvi-instituutti.fi\/blogi\/wp-json\/wp\/v2\/posts\/610\/revisions\/616"}],"wp:attachment":[{"href":"https:\/\/www.pyhajarvi-instituutti.fi\/blogi\/wp-json\/wp\/v2\/media?parent=610"}],"wp:term":[{"taxonomy":"category","embeddable":true,"href":"https:\/\/www.pyhajarvi-instituutti.fi\/blogi\/wp-json\/wp\/v2\/categories?post=610"},{"taxonomy":"post_tag","embeddable":true,"href":"https:\/\/www.pyhajarvi-instituutti.fi\/blogi\/wp-json\/wp\/v2\/tags?post=610"}],"curies":[{"name":"wp","href":"https:\/\/api.w.org\/{rel}","templated":true}]}}