{"id":569,"date":"2017-04-25T17:35:56","date_gmt":"2017-04-25T14:35:56","guid":{"rendered":"https:\/\/pyhajarvi-instituutti.fi\/blogi\/?p=569"},"modified":"2017-04-26T14:50:09","modified_gmt":"2017-04-26T11:50:09","slug":"lets-do-it-siivotaan-yhdessa-rannat-puhtaiksi","status":"publish","type":"post","link":"https:\/\/www.pyhajarvi-instituutti.fi\/blogi\/2017\/04\/25\/lets-do-it-siivotaan-yhdessa-rannat-puhtaiksi\/","title":{"rendered":"Let&#8217;s do it! Siivotaan yhdess\u00e4 rannat puhtaiksi"},"content":{"rendered":"<p>Erilaisia siivoukampanjoita rantojen puhdistukseen on monia. Tunnetuin taitaa olla <a href=\"http:\/\/www.siistibiitsi.fi\/etusivu\/siisti_biitsi\" target=\"_blank\">Siisti Biitsi &#8211; Pid\u00e4 saaristo puhtaana -kampanja<\/a>, mik\u00e4 on toiminut jo vuodesta 2014. T\u00e4n\u00e4 vuonna Siisti Biitsi on mukana Suomi 100 -juhlavuodessa ja Rantojen siivousaalto -tempaus ulottuu It\u00e4merelt\u00e4 Atlantille. Tavoitteena on saada mukaan joka tuhannes suomalainen ja sata rantaa.<\/p>\n<p><a href=\"https:\/\/pyhajarvi-instituutti.fi\/blogi\/wp-content\/uploads\/2017\/04\/IMG_20170425_161905.jpg\"><img fetchpriority=\"high\" decoding=\"async\" src=\"https:\/\/pyhajarvi-instituutti.fi\/blogi\/wp-content\/uploads\/2017\/04\/IMG_20170425_161905-768x432.jpg\" alt=\"img_20170425_161905\" width=\"768\" height=\"432\" class=\"aligncenter size-medium_large wp-image-572\" \/><\/a><\/p>\n<p>Osana <a href=\"http:\/\/www.ymparistonyt.fi\/meremmetahden\/lets-do-it-rantojen-siivouskampanja\/\" target=\"_blank\">Meremme t\u00e4hden tapahtumaa<\/a> j\u00e4rjestet\u00e4\u00e4n t\u00e4n\u00e4 vuonna kansainv\u00e4liseen <a href=\"https:\/\/www.letsdoitworld.org\/\" target=\"_blank\">Let&#8217;s do it! -kampanjaan<\/a> liittyvi\u00e4 rantojen siivoustalkoita. Mukaan on osallistunut kouluja ja koululuokkia, yhdistyksi\u00e4 ja ty\u00f6\/kaveriporukoita. Meremme t\u00e4hden tapahtumaa j\u00e4rjest\u00e4m\u00e4ss\u00e4 on Central Baltic Interreg-rahoitteinen WATERCHAIN -hanke, jossa Pyh\u00e4j\u00e4rvi-instituutti on yksi hanketoteuttajista.<\/p>\n<p><strong>Let\u2019s Do it! \u2013siivouskampanjahaasteen \u2013 osallistumisohjeet ovat seuraavat:<\/strong><\/p>\n<p>Ilmoittautukaa Siisti Biitsi -talkooporukaksi.<br \/>\nT\u00e4ytt\u00e4k\u00e4\u00e4 kysytyt tiedot ja LIS\u00c4KSI kohtaan \u201dTalkooryhm\u00e4n nimi\u201d ryhm\u00e4nne nimen per\u00e4\u00e4n #letsdoit (T\u00c4RKE\u00c4 koska tiedot tulevat n\u00e4kyviin karttaan, jota k\u00e4ytet\u00e4\u00e4n my\u00f6s reittikarttana roskia noudettaessa).<br \/>\nNoutakaa talkooporukkanne roskas\u00e4kit ym. mahd. siivousv\u00e4lineet ja lis\u00e4ohjeet Meremme t\u00e4hden -p\u00e4\u00e4tapahtuman Let\u2019s Do It! \u2013standilta (24.4.2017 klo 14-19, Satakunnan ammattikorkeakoulu, Merim\u00e4ki, Suojantie 2, Rauma). Sopikaa poikkeuksista erikseen.<br \/>\nIlmoittakaa\/varmistakaa\/sopikaa viel\u00e4 ker\u00e4ysautolla saavutettava paikka, mist\u00e4 ja milloin ker\u00e4\u00e4m\u00e4nne roskat voidaan noutaa. Joko etuk\u00e4teen Teemulle tai viimeist\u00e4\u00e4n Let\u2019s Do it! \u2013standilla Meremme t\u00e4hden -tapahtumassa 24.4. (teemu.heikkinen@samk.fi).<br \/>\nJ\u00e4rjest\u00e4k\u00e4\u00e4 omat ja itsenne n\u00e4k\u00f6iset, mukavat talkoot ev\u00e4staukoa unohtamatta.<br \/>\nOsallistukaa Valokuva- ja YouTube-videokilpailuun! Ohjeet alla.<\/p>\n<p><a href=\"https:\/\/pyhajarvi-instituutti.fi\/blogi\/wp-content\/uploads\/2017\/04\/IMG_20170425_161707.jpg\"><img decoding=\"async\" src=\"https:\/\/pyhajarvi-instituutti.fi\/blogi\/wp-content\/uploads\/2017\/04\/IMG_20170425_161707-768x432.jpg\" alt=\"img_20170425_161707\" width=\"768\" height=\"432\" class=\"aligncenter size-medium_large wp-image-571\" \/><\/a><\/p>\n<p><strong>Ennen ja j\u00e4lkeen -valokuva ja videokilpailu \u2013 osallistumisohjeet<\/strong><\/p>\n<p>Ota kuva tai pari siivottavasta talkoorannastasi ennen ja j\u00e4lkeen siivouksen tai videop\u00e4tk\u00e4, jossa kuvaat talkoomeininki\u00e4.<br \/>\nLataa kuvakollaasi tai video Rock the Baltic Sea -facebooksivuille hashtageilla #letsdoit ja #RTBS (aihetunnisteet eli hashtagit t\u00e4rkeit\u00e4 muistaa!)<br \/>\nParas kuvakollaasi tai video palkitaan. Palkintoina Rock the Baltic Sea -kampanja-aiheisia palkintoja.<\/p>\n<p>T\u00e4ll\u00e4 viikolla Eurajoen vesist\u00f6alueella talkoillaan seuraavasti:<br \/>\n25.4. klo 18 l\u00e4ht\u00f6 Katismaan rannasta, S\u00e4kyl\u00e4<br \/>\n26.4. klo 17 Kankaanp\u00e4\u00e4n uimaranta, S\u00e4kyl\u00e4<br \/>\n27.4. klo 18 Panelian rivimylly, Eura<br \/>\n28.4. klo 18 Eurakoski, tapaaminen L\u00e4hiTapiolan takana<br \/>\n29.4. klo 10 Eurajokivarsi, tapaaminen muuntajalla (n. 3,5 km Souppaan risteyksest\u00e4 Harjavallan suuntaan)<\/p>\n<p>Tervetuloa mukaan talkoisiin! Let&#8217;s do it!<\/p>\n<p><a href=\"https:\/\/pyhajarvi-instituutti.fi\/blogi\/wp-content\/uploads\/2016\/03\/WClogorivikuvana_interreg.jpg\"><img decoding=\"async\" src=\"https:\/\/pyhajarvi-instituutti.fi\/blogi\/wp-content\/uploads\/2016\/03\/WClogorivikuvana_interreg.jpg\" alt=\"WClogorivikuvana_interreg\" width=\"1000\" height=\"109\" class=\"aligncenter size-full wp-image-308\" \/><\/a><\/p>\n<p><a href=\"https:\/\/pyhajarvi-instituutti.fi\/blogi\/wp-content\/uploads\/2016\/03\/WClogorivikuvana.jpg\"><img loading=\"lazy\" decoding=\"async\" src=\"https:\/\/pyhajarvi-instituutti.fi\/blogi\/wp-content\/uploads\/2016\/03\/WClogorivikuvana.jpg\" alt=\"WClogorivikuvana\" width=\"1002\" height=\"159\" class=\"aligncenter size-full wp-image-307\" \/><\/a><\/p>\n","protected":false},"excerpt":{"rendered":"<p>Erilaisia siivoukampanjoita rantojen puhdistukseen on monia. Tunnetuin taitaa olla Siisti Biitsi &#8211; Pid\u00e4 saaristo puhtaana -kampanja, mik\u00e4 on toiminut jo vuodesta 2014. T\u00e4n\u00e4 vuonna Siisti&#8230;<\/p>\n","protected":false},"author":4,"featured_media":0,"comment_status":"open","ping_status":"closed","sticky":false,"template":"","format":"standard","meta":{"footnotes":""},"categories":[5],"tags":[121,120,119,118,50,33,34,117,66],"class_list":["post-569","post","type-post","status-publish","format-standard","hentry","category-henna-ryoma","tag-central-baltic-interreg","tag-eurajoen-vesiensuojeluyhdistys","tag-eurajoki","tag-koylionjarven-suojeluyhdistys","tag-koylionjarvi","tag-pyhajarven-puolesta","tag-pyhajarven-suojeluohjelma","tag-pyhajarven-suojeluyhdistys","tag-waterchain"],"rttpg_featured_image_url":null,"rttpg_author":{"display_name":"admin","author_link":"https:\/\/www.pyhajarvi-instituutti.fi\/blogi\/author\/admin\/"},"rttpg_comment":0,"rttpg_category":"<a href=\"https:\/\/www.pyhajarvi-instituutti.fi\/blogi\/category\/henna-ryoma\/\" rel=\"category tag\">Asiantuntija | Henna Ry\u00f6m\u00e4<\/a>","rttpg_excerpt":"Erilaisia siivoukampanjoita rantojen puhdistukseen on monia. Tunnetuin taitaa olla Siisti Biitsi &#8211; Pid\u00e4 saaristo puhtaana -kampanja, mik\u00e4 on toiminut jo vuodesta 2014. T\u00e4n\u00e4 vuonna Siisti...","post_mailing_queue_ids":[],"_links":{"self":[{"href":"https:\/\/www.pyhajarvi-instituutti.fi\/blogi\/wp-json\/wp\/v2\/posts\/569","targetHints":{"allow":["GET"]}}],"collection":[{"href":"https:\/\/www.pyhajarvi-instituutti.fi\/blogi\/wp-json\/wp\/v2\/posts"}],"about":[{"href":"https:\/\/www.pyhajarvi-instituutti.fi\/blogi\/wp-json\/wp\/v2\/types\/post"}],"author":[{"embeddable":true,"href":"https:\/\/www.pyhajarvi-instituutti.fi\/blogi\/wp-json\/wp\/v2\/users\/4"}],"replies":[{"embeddable":true,"href":"https:\/\/www.pyhajarvi-instituutti.fi\/blogi\/wp-json\/wp\/v2\/comments?post=569"}],"version-history":[{"count":9,"href":"https:\/\/www.pyhajarvi-instituutti.fi\/blogi\/wp-json\/wp\/v2\/posts\/569\/revisions"}],"predecessor-version":[{"id":580,"href":"https:\/\/www.pyhajarvi-instituutti.fi\/blogi\/wp-json\/wp\/v2\/posts\/569\/revisions\/580"}],"wp:attachment":[{"href":"https:\/\/www.pyhajarvi-instituutti.fi\/blogi\/wp-json\/wp\/v2\/media?parent=569"}],"wp:term":[{"taxonomy":"category","embeddable":true,"href":"https:\/\/www.pyhajarvi-instituutti.fi\/blogi\/wp-json\/wp\/v2\/categories?post=569"},{"taxonomy":"post_tag","embeddable":true,"href":"https:\/\/www.pyhajarvi-instituutti.fi\/blogi\/wp-json\/wp\/v2\/tags?post=569"}],"curies":[{"name":"wp","href":"https:\/\/api.w.org\/{rel}","templated":true}]}}