{"id":557,"date":"2017-03-10T09:53:35","date_gmt":"2017-03-10T07:53:35","guid":{"rendered":"https:\/\/pyhajarvi-instituutti.fi\/blogi\/?p=557"},"modified":"2017-03-10T09:57:50","modified_gmt":"2017-03-10T07:57:50","slug":"pyhajarvi-kameran-linssin-ja-somen-kautta","status":"publish","type":"post","link":"https:\/\/www.pyhajarvi-instituutti.fi\/blogi\/2017\/03\/10\/pyhajarvi-kameran-linssin-ja-somen-kautta\/","title":{"rendered":"Pyh\u00e4j\u00e4rvi kameran linssin ja somen kautta"},"content":{"rendered":"<div id=\"attachment_555\" style=\"width: 778px\" class=\"wp-caption aligncenter\"><a href=\"https:\/\/pyhajarvi-instituutti.fi\/blogi\/wp-content\/uploads\/2017\/03\/DSC_5713.jpg\"><img fetchpriority=\"high\" decoding=\"async\" aria-describedby=\"caption-attachment-555\" src=\"https:\/\/pyhajarvi-instituutti.fi\/blogi\/wp-content\/uploads\/2017\/03\/DSC_5713-768x513.jpg\" alt=\"\u00a9Jari Korpela\" width=\"768\" height=\"513\" class=\"size-medium_large wp-image-555\" \/><\/a><p id=\"caption-attachment-555\" class=\"wp-caption-text\">\u00a9Jari Korpela<\/p><\/div>\n<p>\u201dMiss\u00e4 tuollainen paikka on?\u201d \u2013 usein kuultu kysymys, kun n\u00e4yt\u00e4n paikkakuntalaisille tutuilleni l\u00e4hiymp\u00e4rist\u00f6st\u00e4 ottamiani valokuvia. Emme usein tunnista tuttuakaan kohdetta, jos emme n\u00e4e sit\u00e4 tavanomaisella paikallaan. Onko meist\u00e4 tullut \u201dl\u00e4hisokeita\u201d, vai mist\u00e4 on kysymys?<\/p>\n<p>Syntyper\u00e4isen\u00e4 s\u00e4kyl\u00e4l\u00e4isen\u00e4 olen vuosien varrella k\u00e4ytt\u00e4nyt suuren osan vapaa-ajastani liikkumalla Pyh\u00e4j\u00e4rvell\u00e4 ja sen rannoilla. Aikaa ovat vieneet kukin vuorollaan niin kalastus, veneily, hiihto kuin retkiluistelukin. Viime vuosina mukaan on tullut my\u00f6s valokuvaus ja niinp\u00e4 nyky\u00e4\u00e4n liikun j\u00e4rvell\u00e4kin melkein aina kamera mukanani. Noiden harrastusten my\u00f6t\u00e4 Pyh\u00e4j\u00e4rvi on tietysti tullut kovin tutuksi, mutta niin se on varmasti monelle tuttavallenikin.<\/p>\n<p>Tuo mainitsemani valokuvaus taitaakin selitt\u00e4\u00e4, miksi jotkut paikat ovat minulle tutumpia kuin monelle muulle. Luontokuvaajana tarkastelen kuvattavia kohteita kameran etsimen ja linssin l\u00e4pi ja kuvatessa kohteesta tulee huomioitua monenlaisia yksityiskohtia. Sama p\u00e4tee silloinkin, kun en ole kuvaamassa. Usein luonnossa liikkuessani huomaan tarkastelevani erilaisia yksityiskohtia miettien, miten tuon kuvaisi ja milt\u00e4 se kuvana n\u00e4ytt\u00e4isi. Itse asiassa tarkastelen ymp\u00e4rist\u00f6\u00e4ni tavallaan \u201dlinssin l\u00e4pi\u201d, vaikkei kamera olisi mukanakaan. <\/p>\n<div id=\"attachment_561\" style=\"width: 778px\" class=\"wp-caption aligncenter\"><a href=\"https:\/\/pyhajarvi-instituutti.fi\/blogi\/wp-content\/uploads\/2017\/03\/IMG_8678.jpg\"><img decoding=\"async\" aria-describedby=\"caption-attachment-561\" src=\"https:\/\/pyhajarvi-instituutti.fi\/blogi\/wp-content\/uploads\/2017\/03\/IMG_8678-768x512.jpg\" alt=\"\u00a9Jari Korpela\" width=\"768\" height=\"512\" class=\"size-medium_large wp-image-561\" \/><\/a><p id=\"caption-attachment-561\" class=\"wp-caption-text\">\u00a9Jari Korpela<\/p><\/div>\n<p>Kuvauskohteena Pyh\u00e4j\u00e4rvi on ainutlaatuinen ja ehtym\u00e4t\u00f6n innoituksen l\u00e4hde. Suosituimpia kuvauskohteita ovat yleens\u00e4 kauniit ja v\u00e4rikk\u00e4\u00e4t auringonnousut ja -laskut, mutta j\u00e4rvemme esiintyy tarkkailijalle monin eri kasvoin. Kes\u00e4iset \u201dpl\u00e4g\u00e4t\u201d, raivoavat myrskyt uhkaavine pilvineen, syksyiset ruskav\u00e4rit ja talven kuuraiset rantapuistikot tarjoavat ulkona liikkuville unohtumattomia el\u00e4myksi\u00e4 ja kuvaajille otollisia kuvauskohteita.<\/p>\n<p>Aikaisemmin kuvaajien hienotkin otokset unohtuivat usein kotialbumiin tai kirjoitusp\u00f6yd\u00e4n laatikkoon. T\u00e4ss\u00e4 suhteessa digikuvaus ja sosiaaliset mediat ovat mullistaneet el\u00e4m\u00e4\u00e4mme. Digikameroiden ja erityisesti k\u00e4nnykk\u00e4kameroiden yleistyminen ovat tehneet kuvauksesta edullisen ja helpon \u201djokapojan ja -tyt\u00f6n\u201d harrastuksen, jota voi harrastaa ilman suuria laiteinvestointejakin. Samaan aikaan jokaisella on mahdollisuus saada n\u00e4pp\u00e4ilem\u00e4ns\u00e4 kuvat tuhansien ihmisten n\u00e4kyville internetin kautta. Esimerkiksi Instagram ja Facebook ovat ilmaisia sosiaalisia verkkoja, joissa kuka tahansa voi jakaa kuviaan muiden n\u00e4ht\u00e4v\u00e4ksi.<\/p>\n<p>Facebookissa toimii useita tiettyyn aiheeseen keskittyvi\u00e4 avoimia tai suljettuja ryhmi\u00e4. Pyh\u00e4j\u00e4rveen liittyvist\u00e4 ryhmist\u00e4 tunnetuin on euralaisen Leena Kirsti Juuselan perustama ja yll\u00e4pit\u00e4m\u00e4 julkinen Facebook-ryhm\u00e4 \u201dPyh\u00e4j\u00e4rvi \u2013 Satakunnan helmi\u201d. T\u00e4ss\u00e4 ryhm\u00e4ss\u00e4 on t\u00e4ll\u00e4 hetkell\u00e4 1362 j\u00e4sent\u00e4 ja se on tarkoitettu Pyh\u00e4j\u00e4rveen ja Pyh\u00e4j\u00e4rviseutuun liittyvien kuvien ja kirjoitusten julkaisemiseen. Pyh\u00e4j\u00e4rviseudun asukkaiden lis\u00e4ksi j\u00e4senist\u00f6ss\u00e4 on runsaasti my\u00f6s ulkopaikkakuntalaisia ja ulkomailla asuvia. Ryhm\u00e4 tarjoaa mahdollisuuden nauttia upeasta j\u00e4rvest\u00e4mme monille sellaisillekin, joille se ei muuten ole mahdollista. J\u00e4senten julkaisemien kuvien ja tekstien lis\u00e4ksi ryhm\u00e4ss\u00e4 julkaistaan usein my\u00f6s j\u00e4rveen ja sen suojeluun liittyvi\u00e4 kirjoituksia ja uutisia. T\u00e4llaisia ovat mm. Pyh\u00e4j\u00e4rvi-instituutin julkaisemat tiedotteet ja raportit.<\/p>\n<div id=\"attachment_556\" style=\"width: 778px\" class=\"wp-caption aligncenter\"><a href=\"https:\/\/pyhajarvi-instituutti.fi\/blogi\/wp-content\/uploads\/2017\/03\/IMG_2301.jpg\"><img decoding=\"async\" aria-describedby=\"caption-attachment-556\" src=\"https:\/\/pyhajarvi-instituutti.fi\/blogi\/wp-content\/uploads\/2017\/03\/IMG_2301-768x512.jpg\" alt=\"\u00a9Jari Korpela\" width=\"768\" height=\"512\" class=\"size-medium_large wp-image-556\" \/><\/a><p id=\"caption-attachment-556\" class=\"wp-caption-text\">\u00a9Jari Korpela<\/p><\/div>\n<p>Tutkimusty\u00f6st\u00e4\u00e4n kansainv\u00e4list\u00e4kin tunnustusta saaneella Pyh\u00e4j\u00e4rvi-instituutilla on t\u00e4rke\u00e4 osa Pyh\u00e4j\u00e4rven suojelussa. Tiedonjakajana se on my\u00f6s Pyh\u00e4j\u00e4rviryhm\u00e4n t\u00e4rkeimpi\u00e4 yhteisty\u00f6kumppaneita. Tiedon lis\u00e4\u00e4minen yhdess\u00e4 upean j\u00e4rvemme esille tuomisen kanssa auttaa toivottavasti muokkaamaan asenteitamme ja arvojamme siihen suuntaan, ett\u00e4 voimme jatkossakin nauttia kauniista ja ennen kaikkea puhtaasta Pyh\u00e4j\u00e4rvest\u00e4.<\/p>\n<p>Parhaimmillaan Pyh\u00e4j\u00e4rvi on tietysti itse koettuna, mutta sosiaalisen median kautta meill\u00e4 kaikilla on mahdollisuus kuulua siihen etuoikeutettujen ryhm\u00e4\u00e4n, joka saa nauttia Pyh\u00e4j\u00e4rvest\u00e4 &#8211;  yhdest\u00e4 alueemme hienoimmista ja arvokkaimmista luonnonvaroista.<\/p>\n<p>Teksti ja kuvat: Jari Korpela, luontoharrastaja<\/p>\n<p><em>Teksti on osa kuukausittain ilmestyv\u00e4\u00e4 Pyh\u00e4j\u00e4rven puolesta -juttusarjaa, jota on julkaistu Auranmaan Viikkolehdess\u00e4 ja Alasatakunta-lehdess\u00e4 jo vuodesta 1995. Juttusarjan kaikki jutut on luettavistaa Pyh\u00e4j\u00e4rven suojeluohjelman sivuilta <a href=\"http:\/\/www.pyhajarvensuojelu.net\/default10.asp?active_page_id=155\" target=\"_blank\">t\u00e4\u00e4lt\u00e4<\/a>.<\/em><\/p>\n","protected":false},"excerpt":{"rendered":"<p>\u201dMiss\u00e4 tuollainen paikka on?\u201d \u2013 usein kuultu kysymys, kun n\u00e4yt\u00e4n paikkakuntalaisille tutuilleni l\u00e4hiymp\u00e4rist\u00f6st\u00e4 ottamiani valokuvia. Emme usein tunnista tuttuakaan kohdetta, jos emme n\u00e4e sit\u00e4 tavanomaisella&#8230;<\/p>\n","protected":false},"author":4,"featured_media":0,"comment_status":"open","ping_status":"closed","sticky":false,"template":"","format":"standard","meta":{"footnotes":""},"categories":[25],"tags":[51,33,34,40],"class_list":["post-557","post","type-post","status-publish","format-standard","hentry","category-yhteiskyna","tag-luontoharrastus","tag-pyhajarven-puolesta","tag-pyhajarven-suojeluohjelma","tag-pyhajarvi"],"rttpg_featured_image_url":null,"rttpg_author":{"display_name":"admin","author_link":"https:\/\/www.pyhajarvi-instituutti.fi\/blogi\/author\/admin\/"},"rttpg_comment":0,"rttpg_category":"<a href=\"https:\/\/www.pyhajarvi-instituutti.fi\/blogi\/category\/yhteiskyna\/\" rel=\"category tag\">Yhteiskyn\u00e4<\/a>","rttpg_excerpt":"\u201dMiss\u00e4 tuollainen paikka on?\u201d \u2013 usein kuultu kysymys, kun n\u00e4yt\u00e4n paikkakuntalaisille tutuilleni l\u00e4hiymp\u00e4rist\u00f6st\u00e4 ottamiani valokuvia. Emme usein tunnista tuttuakaan kohdetta, jos emme n\u00e4e sit\u00e4 tavanomaisella...","post_mailing_queue_ids":[],"_links":{"self":[{"href":"https:\/\/www.pyhajarvi-instituutti.fi\/blogi\/wp-json\/wp\/v2\/posts\/557","targetHints":{"allow":["GET"]}}],"collection":[{"href":"https:\/\/www.pyhajarvi-instituutti.fi\/blogi\/wp-json\/wp\/v2\/posts"}],"about":[{"href":"https:\/\/www.pyhajarvi-instituutti.fi\/blogi\/wp-json\/wp\/v2\/types\/post"}],"author":[{"embeddable":true,"href":"https:\/\/www.pyhajarvi-instituutti.fi\/blogi\/wp-json\/wp\/v2\/users\/4"}],"replies":[{"embeddable":true,"href":"https:\/\/www.pyhajarvi-instituutti.fi\/blogi\/wp-json\/wp\/v2\/comments?post=557"}],"version-history":[{"count":5,"href":"https:\/\/www.pyhajarvi-instituutti.fi\/blogi\/wp-json\/wp\/v2\/posts\/557\/revisions"}],"predecessor-version":[{"id":563,"href":"https:\/\/www.pyhajarvi-instituutti.fi\/blogi\/wp-json\/wp\/v2\/posts\/557\/revisions\/563"}],"wp:attachment":[{"href":"https:\/\/www.pyhajarvi-instituutti.fi\/blogi\/wp-json\/wp\/v2\/media?parent=557"}],"wp:term":[{"taxonomy":"category","embeddable":true,"href":"https:\/\/www.pyhajarvi-instituutti.fi\/blogi\/wp-json\/wp\/v2\/categories?post=557"},{"taxonomy":"post_tag","embeddable":true,"href":"https:\/\/www.pyhajarvi-instituutti.fi\/blogi\/wp-json\/wp\/v2\/tags?post=557"}],"curies":[{"name":"wp","href":"https:\/\/api.w.org\/{rel}","templated":true}]}}