{"id":435,"date":"2016-09-02T15:37:13","date_gmt":"2016-09-02T12:37:13","guid":{"rendered":"https:\/\/pyhajarvi-instituutti.fi\/blogi\/?p=435"},"modified":"2016-09-02T15:37:13","modified_gmt":"2016-09-02T12:37:13","slug":"ylaneenjoki-avautuu-uusin-silmin-kanootista","status":"publish","type":"post","link":"https:\/\/www.pyhajarvi-instituutti.fi\/blogi\/2016\/09\/02\/ylaneenjoki-avautuu-uusin-silmin-kanootista\/","title":{"rendered":"Yl\u00e4neenjoki avautuu uusin silmin kanootista"},"content":{"rendered":"<p>Kes\u00e4kuussa Yl\u00e4neell\u00e4 j\u00e4rjestetyn Pyh\u00e4j\u00e4rven Suojelutempauksen yhteydess\u00e4 Yl\u00e4neenjoella n\u00e4htiin jotakin nyky\u00e4\u00e4n melko harvinaista, nimitt\u00e4in melojia. T\u00e4t\u00e4 soisi n\u00e4kev\u00e4ns\u00e4 useammin, sen verran upeat maisemat joelta avautuvat. Starttasimme siis kes\u00e4kuussa yhden kanootin ja kahden kajakin voimin Yl\u00e4neenjoen jokisuulta, Pehkurannasta, ja meloimme yl\u00e4juoksun suuntaan kirkonkyl\u00e4n laituriin.<\/p>\n<div id=\"attachment_438\" style=\"width: 1034px\" class=\"wp-caption alignright\"><a href=\"https:\/\/pyhajarvi-instituutti.fi\/blogi\/wp-content\/uploads\/2016\/09\/Kuva_1.jpg\"><img fetchpriority=\"high\" decoding=\"async\" aria-describedby=\"caption-attachment-438\" src=\"https:\/\/pyhajarvi-instituutti.fi\/blogi\/wp-content\/uploads\/2016\/09\/Kuva_1-1024x768.jpg\" alt=\"Jokisuulta avautuu huikea maisema Pyh\u00e4j\u00e4rvelle.\" width=\"1024\" height=\"768\" class=\"size-large wp-image-438\" \/><\/a><p id=\"caption-attachment-438\" class=\"wp-caption-text\">Jokisuulta avautuu huikea maisema Pyh\u00e4j\u00e4rvelle.<\/p><\/div>\n<p>Yl\u00e4neenjoki tarjoaa mainiot puitteet ja monipuoliset maisemat omilla l\u00e4hivesill\u00e4 virkist\u00e4ytymiseen. Kes\u00e4ll\u00e4 melomamme reitti taittui leppoisasti edeten vajaassa tunnissa. Mik\u00e4 mainio tapa nauttia p\u00e4iv\u00e4n liikunta-annos! Jos itselt\u00e4 ei melontav\u00e4lineit\u00e4 l\u00f6ydy, Pyh\u00e4j\u00e4rviseudulta l\u00f6ytyy onneksi yritt\u00e4ji\u00e4, joilta v\u00e4lineiden vuokraus ja jopa paikalle kuljetus onnistuvat.<\/p>\n<div id=\"attachment_439\" style=\"width: 1034px\" class=\"wp-caption alignright\"><a href=\"https:\/\/pyhajarvi-instituutti.fi\/blogi\/wp-content\/uploads\/2016\/09\/Kuva_2.jpg\"><img decoding=\"async\" aria-describedby=\"caption-attachment-439\" src=\"https:\/\/pyhajarvi-instituutti.fi\/blogi\/wp-content\/uploads\/2016\/09\/Kuva_2-1024x768.jpg\" alt=\"Yl\u00e4neenjoen alajuoksulla on tilaa meloa.\" width=\"1024\" height=\"768\" class=\"size-large wp-image-439\" \/><\/a><p id=\"caption-attachment-439\" class=\"wp-caption-text\">Yl\u00e4neenjoen alajuoksulla on tilaa meloa.<\/p><\/div>\n<p>Aiemmin toukokuussa testasimme my\u00f6s melontaa hieman ylemp\u00e4n\u00e4 jokivarressa, Uudenkartanon kyl\u00e4yhdistyksen yll\u00e4pit\u00e4m\u00e4n Lystmett\u00e4n toimintakeskuksen ja Pikkukosken laavun paikkeilla. Joen yli kaatuneet puut haittasivat viel\u00e4 melontaa, mutta kyl\u00e4yhdistyksen tarkoituksena on avata alueen melontareitti\u00e4 parempaan kuntoon. Lystmett\u00e4n ja kirkonkyl\u00e4n v\u00e4lill\u00e4 melonta sitten taas sujuukin esimerkiksi Kuralan kartanotilan paikkeilla. Kannattaa siis rohkeasti suunnata vesille kokeilemaan! Jos melonta ei ole oma juttu, niin my\u00f6s esimerkiksi sup-lauta kulkee todistetun hyvin my\u00f6s Yl\u00e4neenjoessa.<\/p>\n<div id=\"attachment_437\" style=\"width: 1034px\" class=\"wp-caption alignright\"><a href=\"https:\/\/pyhajarvi-instituutti.fi\/blogi\/wp-content\/uploads\/2016\/09\/Kuva_3.jpg\"><img decoding=\"async\" aria-describedby=\"caption-attachment-437\" src=\"https:\/\/pyhajarvi-instituutti.fi\/blogi\/wp-content\/uploads\/2016\/09\/Kuva_3-1024x768.jpg\" alt=\"Sup-laudan p\u00e4\u00e4lle nouseminen sujui helposti ensikertalaiseltakin Yl\u00e4neen kirkonkyl\u00e4n laiturilta.\" width=\"1024\" height=\"768\" class=\"size-large wp-image-437\" \/><\/a><p id=\"caption-attachment-437\" class=\"wp-caption-text\">Sup-laudan p\u00e4\u00e4lle nouseminen sujui helposti ensikertalaiseltakin Yl\u00e4neen kirkonkyl\u00e4n laiturilta.<\/p><\/div>\n<p>Teksti ja kuvat: Eija Eloranta, tiedottaja, Uudenkartanon kyl\u00e4yhdistys ry<\/p>\n","protected":false},"excerpt":{"rendered":"<p>Kes\u00e4kuussa Yl\u00e4neell\u00e4 j\u00e4rjestetyn Pyh\u00e4j\u00e4rven Suojelutempauksen yhteydess\u00e4 Yl\u00e4neenjoella n\u00e4htiin jotakin nyky\u00e4\u00e4n melko harvinaista, nimitt\u00e4in melojia. T\u00e4t\u00e4 soisi n\u00e4kev\u00e4ns\u00e4 useammin, sen verran upeat maisemat joelta avautuvat. Starttasimme&#8230;<\/p>\n","protected":false},"author":4,"featured_media":0,"comment_status":"open","ping_status":"closed","sticky":false,"template":"","format":"standard","meta":{"footnotes":""},"categories":[25],"tags":[102,34,99,83,103],"class_list":["post-435","post","type-post","status-publish","format-standard","hentry","category-yhteiskyna","tag-melonta","tag-pyhajarven-suojeluohjelma","tag-pyhajarven-valuma-alue","tag-suojelutempaus","tag-virkistyskaytto"],"rttpg_featured_image_url":null,"rttpg_author":{"display_name":"admin","author_link":"https:\/\/www.pyhajarvi-instituutti.fi\/blogi\/author\/admin\/"},"rttpg_comment":2,"rttpg_category":"<a href=\"https:\/\/www.pyhajarvi-instituutti.fi\/blogi\/category\/yhteiskyna\/\" rel=\"category tag\">Yhteiskyn\u00e4<\/a>","rttpg_excerpt":"Kes\u00e4kuussa Yl\u00e4neell\u00e4 j\u00e4rjestetyn Pyh\u00e4j\u00e4rven Suojelutempauksen yhteydess\u00e4 Yl\u00e4neenjoella n\u00e4htiin jotakin nyky\u00e4\u00e4n melko harvinaista, nimitt\u00e4in melojia. T\u00e4t\u00e4 soisi n\u00e4kev\u00e4ns\u00e4 useammin, sen verran upeat maisemat joelta avautuvat. Starttasimme...","post_mailing_queue_ids":[],"_links":{"self":[{"href":"https:\/\/www.pyhajarvi-instituutti.fi\/blogi\/wp-json\/wp\/v2\/posts\/435","targetHints":{"allow":["GET"]}}],"collection":[{"href":"https:\/\/www.pyhajarvi-instituutti.fi\/blogi\/wp-json\/wp\/v2\/posts"}],"about":[{"href":"https:\/\/www.pyhajarvi-instituutti.fi\/blogi\/wp-json\/wp\/v2\/types\/post"}],"author":[{"embeddable":true,"href":"https:\/\/www.pyhajarvi-instituutti.fi\/blogi\/wp-json\/wp\/v2\/users\/4"}],"replies":[{"embeddable":true,"href":"https:\/\/www.pyhajarvi-instituutti.fi\/blogi\/wp-json\/wp\/v2\/comments?post=435"}],"version-history":[{"count":2,"href":"https:\/\/www.pyhajarvi-instituutti.fi\/blogi\/wp-json\/wp\/v2\/posts\/435\/revisions"}],"predecessor-version":[{"id":440,"href":"https:\/\/www.pyhajarvi-instituutti.fi\/blogi\/wp-json\/wp\/v2\/posts\/435\/revisions\/440"}],"wp:attachment":[{"href":"https:\/\/www.pyhajarvi-instituutti.fi\/blogi\/wp-json\/wp\/v2\/media?parent=435"}],"wp:term":[{"taxonomy":"category","embeddable":true,"href":"https:\/\/www.pyhajarvi-instituutti.fi\/blogi\/wp-json\/wp\/v2\/categories?post=435"},{"taxonomy":"post_tag","embeddable":true,"href":"https:\/\/www.pyhajarvi-instituutti.fi\/blogi\/wp-json\/wp\/v2\/tags?post=435"}],"curies":[{"name":"wp","href":"https:\/\/api.w.org\/{rel}","templated":true}]}}