{"id":414,"date":"2016-07-11T10:00:37","date_gmt":"2016-07-11T07:00:37","guid":{"rendered":"https:\/\/pyhajarvi-instituutti.fi\/blogi\/?p=414"},"modified":"2016-06-30T14:58:28","modified_gmt":"2016-06-30T11:58:28","slug":"mattopyykilla","status":"publish","type":"post","link":"https:\/\/www.pyhajarvi-instituutti.fi\/blogi\/2016\/07\/11\/mattopyykilla\/","title":{"rendered":"Mattopyykill\u00e4"},"content":{"rendered":"<p>Kes\u00e4loma ja mattopyykki. Jotenkin ne kuuluvat yhteen. Toiset aloittavat mattopyykill\u00e4 k\u00e4ymisen heti, kun ilmat antavat my\u00f6ten ja sormet kest\u00e4v\u00e4t kylm\u00e4\u00e4 vett\u00e4. Ennen juhannusta pit\u00e4isi kuulemma pest\u00e4, jotta matot ehtiv\u00e4t kuivua? Min\u00e4 odotan mielell\u00e4ni l\u00e4mpimi\u00e4 ilmoja, auringonpaistetta ja paarmoja. Otan maton tai kaksi ja annan m\u00e4ntysuovan vaahdota ja juuriharjan laulaa. K\u00e4yt\u00e4n mankelia ja loppukes\u00e4st\u00e4 laitan y\u00f6kosteudessa kolmatta viikkoa \u201dkuivuvat\u201d matot saunan lauteille kuivumaan.<\/p>\n<p><a href=\"https:\/\/pyhajarvi-instituutti.fi\/blogi\/wp-content\/uploads\/2016\/06\/20150729_093310911_iOS-e1467287739606.jpg\"><img fetchpriority=\"high\" decoding=\"async\" src=\"https:\/\/pyhajarvi-instituutti.fi\/blogi\/wp-content\/uploads\/2016\/06\/20150729_093310911_iOS-e1467287739606-768x1024.jpg\" alt=\"20150729_093310911_iOS\" width=\"768\" height=\"1024\" class=\"alignright size-large wp-image-417\" \/><\/a><\/p>\n<p>Matonpesu ei ole lempipuuhaani. Ei ole ollut ikin\u00e4. Kuitenkin olen oppinut aikuisella i\u00e4ll\u00e4 pit\u00e4m\u00e4\u00e4n mattopyykill\u00e4 k\u00e4ymisest\u00e4, sill\u00e4 se kuuluu kes\u00e4\u00e4n. Puhtaiden mattojen tuoksu ja ryppyiset vedess\u00e4 lionneet sormet. Lapsuudessa, \u00e4idin kanssa, pestiin mattoja suoraan laiturilla ja mattolaitureihin upotetuista tynnyreist\u00e4. Matonpesu ja matonpesupaikat ovat kuitenkin ajansaatossa muuttuneet. Tietoisuus pesuaineiden sis\u00e4lt\u00e4mist\u00e4 ravinteista ja niiden aiheuttamasta vesist\u00f6kuormituksesta ovat muuttaneet matonpesukulttuuria. Toisaalta my\u00f6s pintavesien laatuvaihteluista johtuen matot pest\u00e4\u00e4n nyky\u00e4\u00e4n kuivalla maalla, rakennetuilla matonpesupaikoilla ja yh\u00e4 useammin hanaveden kanssa. <\/p>\n<p>Pienelt\u00e4h\u00e4n se matonpesun ravinnekuormitus tuntuu, kun mietin niit\u00e4 omaa kahta mattoani. Pienelt\u00e4 tuntuu my\u00f6s se kuormitus, mit\u00e4 aiheutuu vesist\u00f6iss\u00e4 peseytymisest\u00e4. Tai jos saunan j\u00e4tevedet p\u00e4\u00e4sev\u00e4t vesist\u00f6\u00f6n, saati salaatin ja uusien perunoiden tahrimien lautasten tiskivesi\u2026 Pienet kuormitukset muodostavat kuitenkin yhteisvaikutuksen. T\u00e4m\u00e4 on se asia, mihin voimme kaikki vaikuttaa omilla toimillamme. Voimme hoitaa m\u00f6kkien ja asuinkiinteist\u00f6jen j\u00e4tevesiasiat kuntoon, voimme huolehtia, ett\u00e4 pesuvedet eiv\u00e4t p\u00e4\u00e4se suoraan vesist\u00f6\u00f6n ja voimme k\u00e4ytt\u00e4\u00e4 hyv\u00e4ksemme olemassa olevaa infraa kuten septitankin imutyhjennyspaikkoja ja vaikka niit\u00e4 matonpesupaikkoja.<\/p>\n<p><a href=\"https:\/\/pyhajarvi-instituutti.fi\/blogi\/wp-content\/uploads\/2016\/06\/20150729_101449997_iOS-e1467287714764.jpg\"><img decoding=\"async\" src=\"https:\/\/pyhajarvi-instituutti.fi\/blogi\/wp-content\/uploads\/2016\/06\/20150729_101449997_iOS-e1467287714764-1024x1024.jpg\" alt=\"20150729_101449997_iOS\" width=\"1024\" height=\"1024\" class=\"alignright size-large wp-image-416\" \/><\/a><\/p>\n<p>Siirr\u00e4n mattopyykkiperinnett\u00e4 nyt omalle tytt\u00e4relleni. Varmasti h\u00e4nenkin mattopyykkiaikanaan ehtii tulla muutoksia ja uusia s\u00e4\u00e4d\u00f6ksi\u00e4, jotka vaikuttavat esimerkiksi k\u00e4yt\u00f6ss\u00e4 oleviin pesuaineisiin ja tekniikkaan. Veikkaisin, ett\u00e4 yksi asia kuitenkin kes\u00e4\u00e4n j\u00e4\u00e4 mattopyykill\u00e4 tai ilman &#8211; paarmat.<\/p>\n","protected":false},"excerpt":{"rendered":"<p>Kes\u00e4loma ja mattopyykki. Jotenkin ne kuuluvat yhteen. Toiset aloittavat mattopyykill\u00e4 k\u00e4ymisen heti, kun ilmat antavat my\u00f6ten ja sormet kest\u00e4v\u00e4t kylm\u00e4\u00e4 vett\u00e4. Ennen juhannusta pit\u00e4isi kuulemma&#8230;<\/p>\n","protected":false},"author":4,"featured_media":0,"comment_status":"open","ping_status":"closed","sticky":false,"template":"","format":"standard","meta":{"footnotes":""},"categories":[5],"tags":[95,85,96,20],"class_list":["post-414","post","type-post","status-publish","format-standard","hentry","category-henna-ryoma","tag-kesajuttu","tag-lahivesi","tag-mokkilaisen-muistilista","tag-vesiensuojelu"],"rttpg_featured_image_url":null,"rttpg_author":{"display_name":"admin","author_link":"https:\/\/www.pyhajarvi-instituutti.fi\/blogi\/author\/admin\/"},"rttpg_comment":0,"rttpg_category":"<a href=\"https:\/\/www.pyhajarvi-instituutti.fi\/blogi\/category\/henna-ryoma\/\" rel=\"category tag\">Asiantuntija | Henna Ry\u00f6m\u00e4<\/a>","rttpg_excerpt":"Kes\u00e4loma ja mattopyykki. Jotenkin ne kuuluvat yhteen. Toiset aloittavat mattopyykill\u00e4 k\u00e4ymisen heti, kun ilmat antavat my\u00f6ten ja sormet kest\u00e4v\u00e4t kylm\u00e4\u00e4 vett\u00e4. Ennen juhannusta pit\u00e4isi kuulemma...","post_mailing_queue_ids":[],"_links":{"self":[{"href":"https:\/\/www.pyhajarvi-instituutti.fi\/blogi\/wp-json\/wp\/v2\/posts\/414","targetHints":{"allow":["GET"]}}],"collection":[{"href":"https:\/\/www.pyhajarvi-instituutti.fi\/blogi\/wp-json\/wp\/v2\/posts"}],"about":[{"href":"https:\/\/www.pyhajarvi-instituutti.fi\/blogi\/wp-json\/wp\/v2\/types\/post"}],"author":[{"embeddable":true,"href":"https:\/\/www.pyhajarvi-instituutti.fi\/blogi\/wp-json\/wp\/v2\/users\/4"}],"replies":[{"embeddable":true,"href":"https:\/\/www.pyhajarvi-instituutti.fi\/blogi\/wp-json\/wp\/v2\/comments?post=414"}],"version-history":[{"count":2,"href":"https:\/\/www.pyhajarvi-instituutti.fi\/blogi\/wp-json\/wp\/v2\/posts\/414\/revisions"}],"predecessor-version":[{"id":418,"href":"https:\/\/www.pyhajarvi-instituutti.fi\/blogi\/wp-json\/wp\/v2\/posts\/414\/revisions\/418"}],"wp:attachment":[{"href":"https:\/\/www.pyhajarvi-instituutti.fi\/blogi\/wp-json\/wp\/v2\/media?parent=414"}],"wp:term":[{"taxonomy":"category","embeddable":true,"href":"https:\/\/www.pyhajarvi-instituutti.fi\/blogi\/wp-json\/wp\/v2\/categories?post=414"},{"taxonomy":"post_tag","embeddable":true,"href":"https:\/\/www.pyhajarvi-instituutti.fi\/blogi\/wp-json\/wp\/v2\/tags?post=414"}],"curies":[{"name":"wp","href":"https:\/\/api.w.org\/{rel}","templated":true}]}}