{"id":368,"date":"2016-05-19T16:07:11","date_gmt":"2016-05-19T13:07:11","guid":{"rendered":"https:\/\/pyhajarvi-instituutti.fi\/blogi\/?p=368"},"modified":"2016-05-19T16:07:11","modified_gmt":"2016-05-19T13:07:11","slug":"ymparistoekologiankurssin-vierailu-pyhajarvelle","status":"publish","type":"post","link":"https:\/\/www.pyhajarvi-instituutti.fi\/blogi\/2016\/05\/19\/ymparistoekologiankurssin-vierailu-pyhajarvelle\/","title":{"rendered":"Ymp\u00e4rist\u00f6ekologiankurssin vierailu Pyh\u00e4j\u00e4rvelle"},"content":{"rendered":"<p>&#8221;Tiistaina 3.5.2016 l\u00e4hdimme biologian ymp\u00e4rist\u00f6ekologian kurssilaisten kanssa pienimuotoiselle retkelle. L\u00e4hdimme n. kello 12.00 ja ensimm\u00e4isen\u00e4 poimimme kyytiin oppaamme Henna ja Suvi-Tuulian Pyh\u00e4j\u00e4rvi-instituutilta. L\u00e4hdimme bussilla kohti Sarvonlahden lintutornia ja p\u00e4\u00e4sty\u00e4mme perille kiipesimme kolmikerroksisen lintutornin huipulle. Bongailimme lintuja kiikareilla ja kaukoputkella. N\u00e4k\u00f6havaintoja saimme monista lajeista mm. silkkiuikusta, kanadanhanhesta ja tavista. N\u00e4kym\u00e4t tornista olivat upeat!&#8221;<br \/>\n<em>Noora Lindholm<\/em><\/p>\n<p><a href=\"https:\/\/pyhajarvi-instituutti.fi\/blogi\/wp-content\/uploads\/2016\/05\/eulu_sarvonlahti_030516.jpg\"><img fetchpriority=\"high\" decoding=\"async\" src=\"https:\/\/pyhajarvi-instituutti.fi\/blogi\/wp-content\/uploads\/2016\/05\/eulu_sarvonlahti_030516.jpg\" alt=\"eulu_sarvonlahti_030516\" width=\"668\" height=\"375\" class=\"alignright size-full wp-image-371\" \/><\/a><\/p>\n<p>&#8221;Sarvonlahden lintutornilla ihastelimme mm. h\u00e4rk\u00e4lintuja, lukuisia pikkulokkeja, silkkiuikkuja soidinmenoissaan ja yksin\u00e4ist\u00e4 kurkea joka t\u00e4hysteli koko vierailumme ajan pusikossa liikkumattomana. N\u00e4kym\u00e4 korkealta tornista oli suorastaan h\u00e4kellytt\u00e4v\u00e4n kaunis.&#8221;<br \/>\n<em>Emma Hakala ja Veera Filppula<\/em><\/p>\n<p><a href=\"https:\/\/pyhajarvi-instituutti.fi\/blogi\/wp-content\/uploads\/2016\/05\/eulu_loytane_030516.jpg\"><img decoding=\"async\" src=\"https:\/\/pyhajarvi-instituutti.fi\/blogi\/wp-content\/uploads\/2016\/05\/eulu_loytane_030516.jpg\" alt=\"eulu_loytane_030516\" width=\"676\" height=\"380\" class=\"alignright size-full wp-image-373\" \/><\/a><\/p>\n<p>&#8221;Pyh\u00e4joen vartta pitkin kuljimme L\u00f6yt\u00e4neen kosteikolle, jossa moni meist\u00e4 tutustui ensimm\u00e4ist\u00e4 kertaa sen maisemiin. Paikan p\u00e4\u00e4ll\u00e4 oli my\u00f6s tervanpoltolle tarkoitettu paikka, josta opettajamme Janne Liikanen meille kertoi. Kosteikolla oli kauniisti rakennettu luonnollisen n\u00e4k\u00f6inen pato, jota pitkin kalat p\u00e4\u00e4sev\u00e4t liikkumaan yl\u00e4virtaan. Kosteikon sillalla huomasi selv\u00e4sti hoitamattoman ja hoidetun alueen eroavaisuudet.&#8221;<br \/>\n<em>Emma Hakala ja Veera Filppula<\/em><\/p>\n<p>&#8221;Lintutornilta matkamme jatkui L\u00f6yt\u00e4neen kosteikolle. Kuvassakin n\u00e4kyv\u00e4 koski on kaikkien yll\u00e4tykseksi ihmisen muovaama. Alueella n\u00e4imme kaksi kosteikkoallasta, joista oppaamme kertoivat meille lis\u00e4tietoa.&#8221;<br \/>\n<em>Laura Heino<\/em><\/p>\n<p><a href=\"https:\/\/pyhajarvi-instituutti.fi\/blogi\/wp-content\/uploads\/2016\/05\/eulu_loytane_pato_030516.jpg\"><img decoding=\"async\" src=\"https:\/\/pyhajarvi-instituutti.fi\/blogi\/wp-content\/uploads\/2016\/05\/eulu_loytane_pato_030516.jpg\" alt=\"eulu_loytane_pato_030516\" width=\"817\" height=\"497\" class=\"alignright size-full wp-image-372\" \/><\/a><\/p>\n<p>&#8221;Viimeinen kohteemme oli Myllyl\u00e4hde josta Pyh\u00e4joki saa alkunsa. Siell\u00e4 katselimme ja joimme vett\u00e4 virtaavasta l\u00e4hteest\u00e4. Kuljimme my\u00f6s lirikaivon ohitse, josta pohjavesi virtaa jatkuvasti yl\u00f6sp\u00e4in. Pys\u00e4hdyimme turvekammille sy\u00f6m\u00e4\u00e4n makkarat ja muut ev\u00e4\u00e4t.&#8221;<br \/>\n<em>Emma Hakala ja Veera Filppula<\/em><\/p>\n<p><a href=\"https:\/\/pyhajarvi-instituutti.fi\/blogi\/wp-content\/uploads\/2016\/05\/eulu_myllylahde3_030516.jpg\"><img loading=\"lazy\" decoding=\"async\" src=\"https:\/\/pyhajarvi-instituutti.fi\/blogi\/wp-content\/uploads\/2016\/05\/eulu_myllylahde3_030516.jpg\" alt=\"eulu_myllylahde3_030516\" width=\"511\" height=\"716\" class=\"alignright size-full wp-image-375\" \/><\/a><\/p>\n<p>&#8221;Viimeinen pys\u00e4kkimme oli Myllyl\u00e4hde, josta saa alkunsa Pyh\u00e4j\u00e4rveen laskeva Pyh\u00e4joki. Osa ryhm\u00e4l\u00e4isist\u00e4mme halusi my\u00f6s maistaa l\u00e4hteest\u00e4 pulppuavaa vett\u00e4. Aivan kuten oppaamme lupasivatkin, kukaan ei saanut l\u00e4hdevedest\u00e4 mahatautia. Vain lykyen k\u00e4velymatkan p\u00e4\u00e4ss\u00e4 l\u00e4hteest\u00e4 sijaitsi Turvekammi, jossa pidimme ev\u00e4stauon grillailun merkeiss\u00e4.&#8221;<br \/>\n<em>Laura Heino<\/em><\/p>\n<p><a href=\"https:\/\/pyhajarvi-instituutti.fi\/blogi\/wp-content\/uploads\/2016\/05\/eulu_turvekammi_030516.jpg\"><img loading=\"lazy\" decoding=\"async\" src=\"https:\/\/pyhajarvi-instituutti.fi\/blogi\/wp-content\/uploads\/2016\/05\/eulu_turvekammi_030516.jpg\" alt=\"eulu_turvekammi_030516\" width=\"332\" height=\"481\" class=\"alignright size-full wp-image-376\" \/><\/a><\/p>\n<p>&#8221;Lintutornin j\u00e4lkeen l\u00e4hdimme ajelemaan Pyh\u00e4jokea pitkin yl\u00f6sp\u00e4in. Lopulta pys\u00e4hdyimme L\u00f6yt\u00e4neen kosteikolle. Siell\u00e4 n\u00e4imme kauniin kosken ja tervanpoltto altaan. Seuraavaksi l\u00e4hdimme Myllynl\u00e4hteelle jonne k\u00e4velimme pitkospuita pitkin. Siell\u00e4 joimme sek\u00e4 suoraan l\u00e4hteest\u00e4 ett\u00e4 lirikaivoista. Vesi oli yll\u00e4tt\u00e4v\u00e4n hyv\u00e4\u00e4 ja eritt\u00e4in kylm\u00e4\u00e4. Hetken katselun ja ihastelun j\u00e4lkeen siirryimme turvekammiin. Siell\u00e4 retkemme huipentui, kun opettajamme Janne sytytti nuotion. Grillasimme makkaraa ja vaahtokarkkeja. Retki oli eritt\u00e4in onnistunut ja leppoisa! Kiitos Hennalle ja Suvi-Tuulialle sek\u00e4 Jannelle ja kurssilaisillemme!&#8221;<br \/>\n<em>Noora Lindholm<\/em><\/p>\n<p><em>Tekstin ovat kirjoittaneet Euran lukion biologian ymp\u00e4rist\u00f6ekologian kurssin oppilaat. Kurssin opettajana toimii Janne Liikanen. Teksti on koottu kolmesta eri kirjoituksesta ja kirjoittajina ovat olleet Emma Hakala, Veera Filppula, Laura Heino ja Noora Lindholm. My\u00f6s kuvat ovat opiskelijoiden ottamia.<\/em><\/p>\n","protected":false},"excerpt":{"rendered":"<p>&#8221;Tiistaina 3.5.2016 l\u00e4hdimme biologian ymp\u00e4rist\u00f6ekologian kurssilaisten kanssa pienimuotoiselle retkelle. L\u00e4hdimme n. kello 12.00 ja ensimm\u00e4isen\u00e4 poimimme kyytiin oppaamme Henna ja Suvi-Tuulian Pyh\u00e4j\u00e4rvi-instituutilta. L\u00e4hdimme bussilla kohti&#8230;<\/p>\n","protected":false},"author":4,"featured_media":0,"comment_status":"open","ping_status":"closed","sticky":false,"template":"","format":"standard","meta":{"footnotes":""},"categories":[25],"tags":[87,26,40,27],"class_list":["post-368","post","type-post","status-publish","format-standard","hentry","category-yhteiskyna","tag-pyhajoki","tag-pyhajarven-suojelu","tag-pyhajarvi","tag-ymparistokasvatus"],"rttpg_featured_image_url":null,"rttpg_author":{"display_name":"admin","author_link":"https:\/\/www.pyhajarvi-instituutti.fi\/blogi\/author\/admin\/"},"rttpg_comment":0,"rttpg_category":"<a href=\"https:\/\/www.pyhajarvi-instituutti.fi\/blogi\/category\/yhteiskyna\/\" rel=\"category tag\">Yhteiskyn\u00e4<\/a>","rttpg_excerpt":"&#8221;Tiistaina 3.5.2016 l\u00e4hdimme biologian ymp\u00e4rist\u00f6ekologian kurssilaisten kanssa pienimuotoiselle retkelle. L\u00e4hdimme n. kello 12.00 ja ensimm\u00e4isen\u00e4 poimimme kyytiin oppaamme Henna ja Suvi-Tuulian Pyh\u00e4j\u00e4rvi-instituutilta. L\u00e4hdimme bussilla kohti...","post_mailing_queue_ids":[],"_links":{"self":[{"href":"https:\/\/www.pyhajarvi-instituutti.fi\/blogi\/wp-json\/wp\/v2\/posts\/368","targetHints":{"allow":["GET"]}}],"collection":[{"href":"https:\/\/www.pyhajarvi-instituutti.fi\/blogi\/wp-json\/wp\/v2\/posts"}],"about":[{"href":"https:\/\/www.pyhajarvi-instituutti.fi\/blogi\/wp-json\/wp\/v2\/types\/post"}],"author":[{"embeddable":true,"href":"https:\/\/www.pyhajarvi-instituutti.fi\/blogi\/wp-json\/wp\/v2\/users\/4"}],"replies":[{"embeddable":true,"href":"https:\/\/www.pyhajarvi-instituutti.fi\/blogi\/wp-json\/wp\/v2\/comments?post=368"}],"version-history":[{"count":4,"href":"https:\/\/www.pyhajarvi-instituutti.fi\/blogi\/wp-json\/wp\/v2\/posts\/368\/revisions"}],"predecessor-version":[{"id":378,"href":"https:\/\/www.pyhajarvi-instituutti.fi\/blogi\/wp-json\/wp\/v2\/posts\/368\/revisions\/378"}],"wp:attachment":[{"href":"https:\/\/www.pyhajarvi-instituutti.fi\/blogi\/wp-json\/wp\/v2\/media?parent=368"}],"wp:term":[{"taxonomy":"category","embeddable":true,"href":"https:\/\/www.pyhajarvi-instituutti.fi\/blogi\/wp-json\/wp\/v2\/categories?post=368"},{"taxonomy":"post_tag","embeddable":true,"href":"https:\/\/www.pyhajarvi-instituutti.fi\/blogi\/wp-json\/wp\/v2\/tags?post=368"}],"curies":[{"name":"wp","href":"https:\/\/api.w.org\/{rel}","templated":true}]}}