{"id":291,"date":"2016-01-29T16:25:02","date_gmt":"2016-01-29T14:25:02","guid":{"rendered":"https:\/\/pyhajarvi-instituutti.fi\/blogi\/?p=291"},"modified":"2016-01-29T16:25:02","modified_gmt":"2016-01-29T14:25:02","slug":"tuleeko-viesti-perille","status":"publish","type":"post","link":"https:\/\/www.pyhajarvi-instituutti.fi\/blogi\/2016\/01\/29\/tuleeko-viesti-perille\/","title":{"rendered":"Tuleeko viesti perille?"},"content":{"rendered":"<p>Vuosi 2015 oli vilkasta viestinn\u00e4n uudistamisen aikaa instituutissa. Vuosi aloitettiin nettisivujen kehitt\u00e4misell\u00e4 yhdess\u00e4 mManual Oy:n kanssa. S\u00e4ilytimme vanhan pohjan, mutta lis\u00e4simme toiminnallisuutta ja paransimme responsiivisuutta. Etusivujen ilme sek\u00e4 <a href=\"https:\/\/www.pyhajarvi-instituutti.fi\/\" target=\"_blank\">Pyh\u00e4j\u00e4rvi-instituutin<\/a> ett\u00e4 <a href=\"http:\/\/www.pyhajarvensuojelu.net\/\" target=\"_blank\">Pyh\u00e4j\u00e4rven suojeluohjelman<\/a> sivustoilla raikastui. P\u00e4\u00e4simme t\u00e4lle vuosituhannelle.<\/p>\n<p>Pyh\u00e4j\u00e4rven suojeluohjelman sivustolle saatiin kauan kaivattu <a href=\"http:\/\/www.pyhajarvensuojelu.net\/valuma-aluetyo\/\" target=\"_blank\">valuma-aluety\u00f6n kartta<\/a>. Siin\u00e4 on esitelty erilaisia vesiensuojelutoimenpiteit\u00e4 S\u00e4kyl\u00e4n Pyh\u00e4j\u00e4rven valuma-alueelta. Ty\u00f6 tehtiin <a href=\"https:\/\/www.pyhajarvi-instituutti.fi\/default10.asp?active_page_id=189\" target=\"_blank\">Yhteisill\u00e4 vesill\u00e4<\/a> -hankkeessa. Samanlaisia karttapohjia k\u00e4ytet\u00e4\u00e4n jatkossa kuvaamaan instituutin ja suojeluty\u00f6n muutakin toimintaa.<\/p>\n<p>Sivustollamme on maailman paras <a href=\"https:\/\/www.pyhajarvi-instituutti.fi\/hakusivu.asp\" target=\"_blank\">hakutoiminto<\/a>. Sen r\u00e4\u00e4t\u00e4l\u00f6iv\u00e4t mManual Oy: miehet juuri toiveidemme mukaan. Sivun ulkon\u00e4\u00f6ss\u00e4 on viel\u00e4 toivomisen varaa, mutta haku toimii. Meille t\u00e4rke\u00e4n\u00e4 lis\u00e4n\u00e4 on haku sivustoille linkitetyist\u00e4 pdf-tiedostoista.<\/p>\n<p><a href=\"https:\/\/pyhajarvi-instituutti.fi\/blogi\/wp-content\/uploads\/2016\/01\/WP_ES_20160121_15_03_44_Pro.jpg\"><img fetchpriority=\"high\" decoding=\"async\" src=\"https:\/\/pyhajarvi-instituutti.fi\/blogi\/wp-content\/uploads\/2016\/01\/WP_ES_20160121_15_03_44_Pro-1024x576.jpg\" alt=\"WP_ES_20160121_15_03_44_Pro\" width=\"1024\" height=\"576\" class=\"aligncenter size-large wp-image-293\" \/><\/a><\/p>\n<p>Vuoden alussa instituutille avattiin <a href=\"https:\/\/www.facebook.com\/pyhajarviinstituutti\/\" target=\"_blank\">facebook-profiili<\/a>. Tammikuussa, t\u00e4n\u00e4 vuonna saimme jo viisi sataa sivutykk\u00e4\u00e4j\u00e4\u00e4 t\u00e4yteen. Eih\u00e4n se suuressa mittakaavassa ole kovin paljon, mutta olemme ylpeit\u00e4 ja kiitollisia jokaisesta seuraajasta ja sivuvierailusta. Seuraajien lis\u00e4\u00e4ntyminen innostaa tuottamaan parempaa informaatiota reaaliajassa ja kiinnostavasti.<\/p>\n<p>Aivan loppuvuodesta p\u00e4\u00e4simme mukaan Twitterin ihmeelliseen maailmaan. Tilill\u00e4 @PJinstituutti T\u00e4g\u00e4\u00e4mme muun muassa #vesiviisas -hashtagill\u00e4. Viel\u00e4 riitt\u00e4\u00e4 opeteltavaa #:en k\u00e4yt\u00f6ss\u00e4 ja m\u00e4\u00e4ritt\u00e4misess\u00e4 eri tapahtumille, hankkeille ja perusk\u00e4ytt\u00f6\u00f6n. Miten taivutetaan Pyh\u00e4j\u00e4rvi-instituutti toimivaksi hashtagiksi? T\u00e4h\u00e4n menness\u00e4 on ollut k\u00e4yt\u00f6ss\u00e4 mm. #pyh\u00e4j\u00e4rviinstituutti #vesist\u00f6nsuojelu #j\u00e4rvikalaanam #yrtti #vesikirppu #siksesparasta #j\u00e4tevesineuvonta.<\/p>\n<p>Kaiken kaikkiaan yleinen kiinnostus tiedottamiseen instituutissa on lis\u00e4\u00e4ntynyt. Haasteenamme on kehitt\u00e4\u00e4 kaksisuuntaista viestint\u00e4\u00e4, osallistua aktiivisemmin keskusteluihin sek\u00e4 onnistua paremmin osallistamisessa. Instituutin rooli sosiaalisessa mediassa on kiitollinen, kun emme varsinaisesti myy mit\u00e4\u00e4n, vaan enemm\u00e4nkin jaamme, vaihdamme ja ker\u00e4\u00e4mme tietoa. Ja siit\u00e4h\u00e4n somen haltijat pit\u00e4v\u00e4t.<\/p>\n<p>Otamme mielell\u00e4mme vastaan ideoita ja kommentteja viestint\u00e4mme kehitt\u00e4miseksi. Kerro meille, mist\u00e4 aiheista haluaisit lis\u00e4\u00e4 tietoa ja keskustelua, pit\u00e4isik\u00f6 sivustojen ilmett\u00e4 kehitt\u00e4\u00e4, tuleeko viesti perille.<\/p>\n<p>N\u00e4it\u00e4 uudistuksia ei ole tehty pelk\u00e4st\u00e4\u00e4n kelkassa pysymisen ja innostuksen vuoksi. Aikaa eli rahaa on kulunut paljon, mutta yksi p\u00e4\u00e4teht\u00e4vist\u00e4mme on jakaa tietoa ja saavuttaa yksitt\u00e4isi\u00e4 ihmisi\u00e4 sek\u00e4 muita yhteisty\u00f6kumppaneita. Tavoitteemme on her\u00e4tt\u00e4\u00e4 keskustelua elintarvikealan ajankohtaisista haasteista ja vesist\u00f6n tilasta. My\u00f6s t\u00e4m\u00e4 blogi on yksi keskustelukanavistamme. Samalla vastaamme oman hallituksen, yhteisty\u00f6kumppanien, rahoittajien ja EU-ohjelmien viestinn\u00e4n ja tiedottamisen vaatimuksiin.<br \/>\nNyt se varsinainen viestint\u00e4ty\u00f6 (lue: viestinn\u00e4n ilo) vasta alkaa. <\/p>\n","protected":false},"excerpt":{"rendered":"<p>Vuosi 2015 oli vilkasta viestinn\u00e4n uudistamisen aikaa instituutissa. Vuosi aloitettiin nettisivujen kehitt\u00e4misell\u00e4 yhdess\u00e4 mManual Oy:n kanssa. S\u00e4ilytimme vanhan pohjan, mutta lis\u00e4simme toiminnallisuutta ja paransimme responsiivisuutta&#8230;.<\/p>\n","protected":false},"author":4,"featured_media":0,"comment_status":"open","ping_status":"closed","sticky":false,"template":"","format":"standard","meta":{"footnotes":""},"categories":[24],"tags":[59,22,58],"class_list":["post-291","post","type-post","status-publish","format-standard","hentry","category-elina-suonpaa","tag-julkaisut","tag-pyhajarvi-instituutti","tag-viestinta"],"rttpg_featured_image_url":null,"rttpg_author":{"display_name":"admin","author_link":"https:\/\/www.pyhajarvi-instituutti.fi\/blogi\/author\/admin\/"},"rttpg_comment":0,"rttpg_category":"<a href=\"https:\/\/www.pyhajarvi-instituutti.fi\/blogi\/category\/elina-suonpaa\/\" rel=\"category tag\">Toimistosihteeri | Elina Suonp\u00e4\u00e4<\/a>","rttpg_excerpt":"Vuosi 2015 oli vilkasta viestinn\u00e4n uudistamisen aikaa instituutissa. Vuosi aloitettiin nettisivujen kehitt\u00e4misell\u00e4 yhdess\u00e4 mManual Oy:n kanssa. S\u00e4ilytimme vanhan pohjan, mutta lis\u00e4simme toiminnallisuutta ja paransimme responsiivisuutta....","post_mailing_queue_ids":[],"_links":{"self":[{"href":"https:\/\/www.pyhajarvi-instituutti.fi\/blogi\/wp-json\/wp\/v2\/posts\/291","targetHints":{"allow":["GET"]}}],"collection":[{"href":"https:\/\/www.pyhajarvi-instituutti.fi\/blogi\/wp-json\/wp\/v2\/posts"}],"about":[{"href":"https:\/\/www.pyhajarvi-instituutti.fi\/blogi\/wp-json\/wp\/v2\/types\/post"}],"author":[{"embeddable":true,"href":"https:\/\/www.pyhajarvi-instituutti.fi\/blogi\/wp-json\/wp\/v2\/users\/4"}],"replies":[{"embeddable":true,"href":"https:\/\/www.pyhajarvi-instituutti.fi\/blogi\/wp-json\/wp\/v2\/comments?post=291"}],"version-history":[{"count":3,"href":"https:\/\/www.pyhajarvi-instituutti.fi\/blogi\/wp-json\/wp\/v2\/posts\/291\/revisions"}],"predecessor-version":[{"id":295,"href":"https:\/\/www.pyhajarvi-instituutti.fi\/blogi\/wp-json\/wp\/v2\/posts\/291\/revisions\/295"}],"wp:attachment":[{"href":"https:\/\/www.pyhajarvi-instituutti.fi\/blogi\/wp-json\/wp\/v2\/media?parent=291"}],"wp:term":[{"taxonomy":"category","embeddable":true,"href":"https:\/\/www.pyhajarvi-instituutti.fi\/blogi\/wp-json\/wp\/v2\/categories?post=291"},{"taxonomy":"post_tag","embeddable":true,"href":"https:\/\/www.pyhajarvi-instituutti.fi\/blogi\/wp-json\/wp\/v2\/tags?post=291"}],"curies":[{"name":"wp","href":"https:\/\/api.w.org\/{rel}","templated":true}]}}