{"id":2111,"date":"2025-12-13T07:30:00","date_gmt":"2025-12-13T05:30:00","guid":{"rendered":"https:\/\/www.pyhajarvi-instituutti.fi\/blogi\/?p=2111"},"modified":"2025-12-04T15:53:11","modified_gmt":"2025-12-04T13:53:11","slug":"sotkan-hiekkamontulta-euran-sakylan-pyhajarveen","status":"publish","type":"post","link":"https:\/\/www.pyhajarvi-instituutti.fi\/blogi\/2025\/12\/13\/sotkan-hiekkamontulta-euran-sakylan-pyhajarveen\/","title":{"rendered":"Sotkan hiekkamontulta Euran (S\u00e4kyl\u00e4n) Pyh\u00e4j\u00e4rveen"},"content":{"rendered":"\n<p>Uimahalli hein\u00e4kuun ajan kiinni. L\u00e4hin uimaranta 25 kilometrin p\u00e4\u00e4ss\u00e4 eik\u00e4 \u00e4iti jaksanut ihan minuuteittain sinne kuskata. Pelastuksen toi Sotkan hiekkamontut kahden kilometrin p\u00e4\u00e4ss\u00e4. Tosin sinnekin taival oli my\u00f6s nykyvalossa vaarallinen; moukuriainen, m\u00e4kinen ja kapea hiekkatie, jonka varrella sen aikaiset \u201dbemaripellet\u201d ajoivat Sierralla urku auki. Kyll\u00e4 se sora s\u00e4\u00e4rille ropisi. Ei siis p\u00e4\u00e4sy\u00e4 sinnek\u00e4\u00e4n omin voimin ennen \u00e4idin tarkan seulan l\u00e4p\u00e4isev\u00e4\u00e4 py\u00f6r\u00e4nk\u00e4sittelytaitoa ja siit\u00e4kin huolimatta varsinkin paluumatkan alam\u00e4kiosuuksilla j\u00e4nnitti aina. Py\u00f6r\u00e4ilykyp\u00e4r\u00e4\u00e4 ei tokikaan siihen aikaan ollut ehk\u00e4 edes keksitty.<\/p>\n\n\n\n<p>Pellolla lapsuutensa viett\u00e4neeksi olen yll\u00e4tt\u00e4v\u00e4n paljon vesi-ihminen kunhan tilanne on omassa hallussani eli uidessa ja sit\u00e4 teen melkein aina (kes\u00e4ll\u00e4), kun joku l\u00e4t\u00e4kk\u00f6 osuu matkan varrelle. J\u00e4\u00e4ll\u00e4, laivassa tai veneess\u00e4 tiedostan olevani ep\u00e4ilev\u00e4 Einari Eurasta. Muutin 100 prosenttisena etel\u00e4pohojalaasena Euraan viime vuosituhannella vuonna 1999. Olin perehtynyt aiheeseen tutkimalla karttaa, matkailuoppaita ja mit\u00e4 n\u00e4it\u00e4 \u201dappeja\u201d silloin olikaan. Tiesin, ett\u00e4 j\u00e4rvi\u00e4 on kymmeni\u00e4. Kes\u00e4ty\u00f6paikassa esitinkin ensimm\u00e4isen\u00e4 tai toisena ty\u00f6p\u00e4iv\u00e4n\u00e4 rohkean kysymyksen \u201dno mihin\u00e4s niit\u00e4 j\u00e4rvi\u00e4 ny sitte on?\u201d Ja niin Kati k\u00e4velytti minut M\u00f6lj\u00e4n rantaan. En ollut niin paljon vett\u00e4 koskaan ennen n\u00e4hnyt kuin Vaasan laivojen ikkunasta.<\/p>\n\n\n\n<p>My\u00f6nnett\u00e4v\u00e4 se on; Pyh\u00e4j\u00e4rvest\u00e4 on muodostunut minullekin t\u00e4rke\u00e4 paikka. Sen lukuisilla rannoilla olen uinut, saunonut, juhlinut, suppaillut, melonut, nukkunut teltassa, pintapelastusta ja ruiskupumppujen k\u00e4ytt\u00f6\u00e4kin on harjoiteltu. Kerran p\u00e4\u00e4sin j\u00e4rvipelastajien veneen kyytiin ja my\u00f6s jonkinlainen pieni risteily on Pyh\u00e4j\u00e4rvell\u00e4 tullut koettua. Hiiht\u00e4\u00e4 tai k\u00e4vell\u00e4 j\u00e4\u00e4ll\u00e4 uskallan vain rantaviivaa pitkin ja silloinkin olen varma, etten tule selvi\u00e4m\u00e4\u00e4n reissusta hengiss\u00e4. Minulta puuttuu viel\u00e4 monia meriittej\u00e4 ja yksi niist\u00e4 on se, ett\u00e4 Pyh\u00e4j\u00e4rvi on kaikesta muusta py\u00f6r\u00e4ilyst\u00e4 huolimatta edelleen py\u00f6r\u00e4ll\u00e4 kiert\u00e4m\u00e4tt\u00e4. Lupaan ja vannon, ett\u00e4 ensi kes\u00e4n\u00e4 lupaan ainakin ryhty\u00e4 harkitsemaan suunnittelun aloittamista. Sill\u00e4kin reissulla tulen pulahtamaan Pyh\u00e4j\u00e4rvess\u00e4 monta kertaa.<\/p>\n\n\n\n<p>Teksti: Mari Hirvel\u00e4<\/p>\n\n\n\n<p><em>Juttu on osallistunut Pyh\u00e4j\u00e4rven puolesta -kirjoituskilpailuun viime vuoden lopulla.<\/em><\/p>\n","protected":false},"excerpt":{"rendered":"<p>Uimahalli hein\u00e4kuun ajan kiinni. L\u00e4hin uimaranta 25 kilometrin p\u00e4\u00e4ss\u00e4 eik\u00e4 \u00e4iti jaksanut ihan minuuteittain sinne kuskata. Pelastuksen toi Sotkan hiekkamontut kahden kilometrin p\u00e4\u00e4ss\u00e4. Tosin sinnekin&#8230;<\/p>\n","protected":false},"author":4,"featured_media":2112,"comment_status":"closed","ping_status":"closed","sticky":false,"template":"","format":"standard","meta":{"footnotes":""},"categories":[25],"tags":[417,33,34],"class_list":["post-2111","post","type-post","status-publish","format-standard","has-post-thumbnail","hentry","category-yhteiskyna","tag-kirjoituskilpailu","tag-pyhajarven-puolesta","tag-pyhajarven-suojeluohjelma"],"rttpg_featured_image_url":{"full":["https:\/\/www.pyhajarvi-instituutti.fi\/blogi\/wp-content\/uploads\/2025\/12\/pitkalaituri2.jpg",1064,795,false],"landscape":["https:\/\/www.pyhajarvi-instituutti.fi\/blogi\/wp-content\/uploads\/2025\/12\/pitkalaituri2.jpg",1064,795,false],"portraits":["https:\/\/www.pyhajarvi-instituutti.fi\/blogi\/wp-content\/uploads\/2025\/12\/pitkalaituri2.jpg",1064,795,false],"thumbnail":["https:\/\/www.pyhajarvi-instituutti.fi\/blogi\/wp-content\/uploads\/2025\/12\/pitkalaituri2-150x150.jpg",150,150,true],"medium":["https:\/\/www.pyhajarvi-instituutti.fi\/blogi\/wp-content\/uploads\/2025\/12\/pitkalaituri2-300x224.jpg",300,224,true],"large":["https:\/\/www.pyhajarvi-instituutti.fi\/blogi\/wp-content\/uploads\/2025\/12\/pitkalaituri2-1024x765.jpg",1024,765,true],"rpg_gallery_admin_thumb":["https:\/\/www.pyhajarvi-instituutti.fi\/blogi\/wp-content\/uploads\/2025\/12\/pitkalaituri2-150x150.jpg",150,150,true],"rpg_gallery_thumb":["https:\/\/www.pyhajarvi-instituutti.fi\/blogi\/wp-content\/uploads\/2025\/12\/pitkalaituri2-150x150.jpg",150,150,true],"1536x1536":["https:\/\/www.pyhajarvi-instituutti.fi\/blogi\/wp-content\/uploads\/2025\/12\/pitkalaituri2.jpg",1064,795,false],"2048x2048":["https:\/\/www.pyhajarvi-instituutti.fi\/blogi\/wp-content\/uploads\/2025\/12\/pitkalaituri2.jpg",1064,795,false],"archive-thumbnail":["https:\/\/www.pyhajarvi-instituutti.fi\/blogi\/wp-content\/uploads\/2025\/12\/pitkalaituri2-470x140.jpg",470,140,true],"single-thumbnail":["https:\/\/www.pyhajarvi-instituutti.fi\/blogi\/wp-content\/uploads\/2025\/12\/pitkalaituri2-470x260.jpg",470,260,true],"featured-thumbnail":["https:\/\/www.pyhajarvi-instituutti.fi\/blogi\/wp-content\/uploads\/2025\/12\/pitkalaituri2-750x380.jpg",750,380,true],"slider-nav-thumbnail":["https:\/\/www.pyhajarvi-instituutti.fi\/blogi\/wp-content\/uploads\/2025\/12\/pitkalaituri2-110x70.jpg",110,70,true]},"rttpg_author":{"display_name":"admin","author_link":"https:\/\/www.pyhajarvi-instituutti.fi\/blogi\/author\/admin\/"},"rttpg_comment":0,"rttpg_category":"<a href=\"https:\/\/www.pyhajarvi-instituutti.fi\/blogi\/category\/yhteiskyna\/\" rel=\"category tag\">Yhteiskyn\u00e4<\/a>","rttpg_excerpt":"Uimahalli hein\u00e4kuun ajan kiinni. L\u00e4hin uimaranta 25 kilometrin p\u00e4\u00e4ss\u00e4 eik\u00e4 \u00e4iti jaksanut ihan minuuteittain sinne kuskata. Pelastuksen toi Sotkan hiekkamontut kahden kilometrin p\u00e4\u00e4ss\u00e4. Tosin sinnekin...","post_mailing_queue_ids":[],"_links":{"self":[{"href":"https:\/\/www.pyhajarvi-instituutti.fi\/blogi\/wp-json\/wp\/v2\/posts\/2111","targetHints":{"allow":["GET"]}}],"collection":[{"href":"https:\/\/www.pyhajarvi-instituutti.fi\/blogi\/wp-json\/wp\/v2\/posts"}],"about":[{"href":"https:\/\/www.pyhajarvi-instituutti.fi\/blogi\/wp-json\/wp\/v2\/types\/post"}],"author":[{"embeddable":true,"href":"https:\/\/www.pyhajarvi-instituutti.fi\/blogi\/wp-json\/wp\/v2\/users\/4"}],"replies":[{"embeddable":true,"href":"https:\/\/www.pyhajarvi-instituutti.fi\/blogi\/wp-json\/wp\/v2\/comments?post=2111"}],"version-history":[{"count":1,"href":"https:\/\/www.pyhajarvi-instituutti.fi\/blogi\/wp-json\/wp\/v2\/posts\/2111\/revisions"}],"predecessor-version":[{"id":2113,"href":"https:\/\/www.pyhajarvi-instituutti.fi\/blogi\/wp-json\/wp\/v2\/posts\/2111\/revisions\/2113"}],"wp:featuredmedia":[{"embeddable":true,"href":"https:\/\/www.pyhajarvi-instituutti.fi\/blogi\/wp-json\/wp\/v2\/media\/2112"}],"wp:attachment":[{"href":"https:\/\/www.pyhajarvi-instituutti.fi\/blogi\/wp-json\/wp\/v2\/media?parent=2111"}],"wp:term":[{"taxonomy":"category","embeddable":true,"href":"https:\/\/www.pyhajarvi-instituutti.fi\/blogi\/wp-json\/wp\/v2\/categories?post=2111"},{"taxonomy":"post_tag","embeddable":true,"href":"https:\/\/www.pyhajarvi-instituutti.fi\/blogi\/wp-json\/wp\/v2\/tags?post=2111"}],"curies":[{"name":"wp","href":"https:\/\/api.w.org\/{rel}","templated":true}]}}