{"id":2038,"date":"2025-10-31T09:36:32","date_gmt":"2025-10-31T07:36:32","guid":{"rendered":"https:\/\/www.pyhajarvi-instituutti.fi\/blogi\/?p=2038"},"modified":"2025-10-31T09:38:13","modified_gmt":"2025-10-31T07:38:13","slug":"petlan-kasvukausi-2025","status":"publish","type":"post","link":"https:\/\/www.pyhajarvi-instituutti.fi\/blogi\/2025\/10\/31\/petlan-kasvukausi-2025\/","title":{"rendered":"Petlan kasvukausi 2025"},"content":{"rendered":"\n<p>Perunantutkimuslaitos yhdistyi kes\u00e4ll\u00e4 Pyh\u00e4j\u00e4rvi-instituuttiin ja toimii nyt Petla-ohjelman alaisena. Yhdistyminen ei kuitenkaan vaikuttanut konkreettisesti kasvukauden t\u00f6ihin Petlalla ja t\u00f6it\u00e4 jatkettiin entiseen tapaan K\u00f6yli\u00f6ss\u00e4 R\u00e4pin koetilalla.<\/p>\n\n\n\n<p>Petlalla on vuonna 2025 ollut 13 koetta, jotka sijoitettiin nelj\u00e4lle eri lohkolle. S\u00e4\u00e4n vaihtelut vaikuttivat eri tavoin joka lohkolla riippuen maan ominaisuuksista, mutta kaikesta huolimatta perunavuosi Petlalla oli kohtalaisen hyv\u00e4.<\/p>\n\n\n\n<h3 class=\"wp-block-heading\">Petlan kokeet 2025<\/h3>\n\n\n\n<p>Petlalla on p\u00e4\u00e4sty t\u00e4m\u00e4n vuoden aikana tutkimaan monipuolisesti perunan tauteja, lajikkeita sek\u00e4 lannoitusta. Kokeista 12 oli yritysten ja muiden tahojen tilaamia tilaustutkimuksia ja yksi koe oli Fosforiyritys -hankkeeseen liittyv\u00e4 hankekoe.<\/p>\n\n\n\n<p>T\u00e4n\u00e4 kes\u00e4n\u00e4 kahdessa eri ruttokokeessa tutkittiin erilaisten torjuntaohjelmien tehoa perunaruttoa vastaan. Perunaruttokokeet onnistuivat ainakin silt\u00e4 osin, ett\u00e4 ruttoa ilmaantui kokeille ja lopulta k\u00e4sittelem\u00e4tt\u00f6m\u00e4t ruudut olivat molemmissa kokeissa l\u00e4hes t\u00e4ysin tuhoutuneet. Perunaruttokokeiden lis\u00e4ksi Petlalle perustettiin kuoppatautikoe yhteisty\u00f6ss\u00e4 Luken kanssa. Kokeelle istutettiin peitattuja ja peittaamattomia sek\u00e4 oireisia ett\u00e4 oireettomia siemenperunoita. Luke tutkii t\u00e4m\u00e4n kokeen tulokset.<\/p>\n\n\n\n<p>Petlalla tutkittiin t\u00e4n\u00e4 kes\u00e4n\u00e4 my\u00f6s perinteisesti typpilannoituksen vaikutusta perunan kasvuun, mutta sen lis\u00e4ksi mm. urean ja biostimulanttien vaikutusta. Lis\u00e4ksi Fosforiyrityksen hankekokeessa tutkittiin hy\u00f6tymikrobien vaikutusta perunoihin.<\/p>\n\n\n\n<p>T\u00e4n\u00e4 vuonna Petlalla on testattu kahta Alankomaalaista t\u00e4rkkelysperunalajiketta, joita ei ole aiemmin viljelty Suomessa. Lis\u00e4ksi p\u00e4\u00e4simme perustamaan my\u00f6s monen vuoden j\u00e4lkeen viralliset lajikekokeet, joiden my\u00f6t\u00e4 tutkitaan Synke\u00e4n Sakarin ominaisuuksia sek\u00e4 mahdollisesti p\u00e4\u00e4tymist\u00e4 viralliseen lajikeluetteloon.<\/p>\n\n\n\n<p>Lis\u00e4ksi jatkoimme kuusivuotisen viljelykiertokokeen kanssa, jossa toteutettiin t\u00e4n\u00e4 vuonna kolmas vuosi. Kokeella oli viljelyksess\u00e4 perunaa ja ruista.<\/p>\n\n\n\n<figure class=\"wp-block-image size-large\"><a href=\"https:\/\/www.pyhajarvi-instituutti.fi\/blogi\/wp-content\/uploads\/2025\/10\/kasvukausi_MT_5-scaled.jpg\"><img fetchpriority=\"high\" decoding=\"async\" width=\"1024\" height=\"768\" src=\"https:\/\/www.pyhajarvi-instituutti.fi\/blogi\/wp-content\/uploads\/2025\/10\/kasvukausi_MT_5-1024x768.jpg\" alt=\"perunan ruutukokeet\" class=\"wp-image-2034\"\/><\/a><figcaption class=\"wp-element-caption\">Petlan perunan ruutukokeita. Kuvan alareunasta voi tunnistaa ruttokokeiden k\u00e4sittelem\u00e4tt\u00f6m\u00e4t ruudut. <\/figcaption><\/figure>\n\n\n\n<h3 class=\"wp-block-heading\">Viile\u00e4 kev\u00e4t, hellejakso ja l\u00e4mmin syksy<\/h3>\n\n\n\n<p>T\u00e4n\u00e4 vuonna kev\u00e4\u00e4n ensimm\u00e4iset l\u00e4mpim\u00e4t p\u00e4iv\u00e4t tulivat aikaisin, kun huhtikuun puolessa v\u00e4liss\u00e4 mitattiin jo yli 20 \u00b0C l\u00e4mp\u00f6tiloja. Kev\u00e4t antoi kuitenkin viel\u00e4 odottaa ja olikin lopulta pitk\u00e4 ja viile\u00e4. Petlalla p\u00e4\u00e4stiin istuttamaan kokeet hyv\u00e4ss\u00e4 aikataulussa, 12.5. alkaen. Viile\u00e4 s\u00e4\u00e4 hidasti perunoiden it\u00e4mist\u00e4 ja taimettuminen kesti noin viikon pidemp\u00e4\u00e4n kuin tavanomaisesti.&nbsp;<\/p>\n\n\n\n<p>Helteet saapuivat hein\u00e4kuun puolella, jolloin kasvusto p\u00e4\u00e4si kirim\u00e4\u00e4n viile\u00e4n kev\u00e4\u00e4n j\u00e4ljilt\u00e4. L\u00e4mpim\u00e4t s\u00e4\u00e4t jatkuivat pitk\u00e4lle syksyyn ja syyskuussa mitattiin viel\u00e4 yli 20 \u00b0C l\u00e4mp\u00f6tiloja. Kaikesta huolimatta vuoden 2025 kasvukausi on ollut viilein nelj\u00e4\u00e4n vuoteen. Vuonna 2024 viikkojen 18\u201341 v\u00e4lill\u00e4 kertynyt l\u00e4mp\u00f6summa oli 1830 \u00b0C vrk, kun t\u00e4n\u00e4 vuonna samassa ajassa kertynyt l\u00e4mp\u00f6summa on <a>vain 1481 \u00b0C vrk<\/a>.<\/p>\n\n\n\n<figure class=\"wp-block-image size-full\"><a href=\"https:\/\/www.pyhajarvi-instituutti.fi\/blogi\/wp-content\/uploads\/2025\/10\/kasvukausi_MT_1.jpg\"><img decoding=\"async\" width=\"637\" height=\"363\" src=\"https:\/\/www.pyhajarvi-instituutti.fi\/blogi\/wp-content\/uploads\/2025\/10\/kasvukausi_MT_1.jpg\" alt=\"l\u00e4mp\u00f6summakuvaaja\" class=\"wp-image-2035\"\/><\/a><figcaption class=\"wp-element-caption\">Petlalla mitatut l\u00e4mp\u00f6summat vuosilta 2021\u20132025 vk 18 alkaen. Vuoden 2025 l\u00e4mp\u00f6summa viikolla 41 on alhaisin aiempiin vuosiin verrattuna (1481 \u00b0C vrk).<\/figcaption><\/figure>\n\n\n\n<h3 class=\"wp-block-heading\">Sateita vaihtelevasti<\/h3>\n\n\n\n<p>Kasvukauden aikaiset sateet olivat monesti hyvin paikallisia. Petlalla sateita saatiin p\u00e4\u00e4osin tasaisesti eiv\u00e4tk\u00e4 perunat k\u00e4rsineet kuivuudesta eiv\u00e4tk\u00e4 liiasta m\u00e4rkyydest\u00e4. Kokeiden nostotkin onnistuivat p\u00e4\u00e4osin hyvin. Syyskuun lopulla ainoastaan parin kokeen nosto oli haastavaa m\u00e4rkyyden takia. Monissa paikoin kuivuus aiheutti haasteita hellejakson aikaan samalla, kun toisaalla runsaat sateet aiheuttivat ongelmia perunoiden kasvussa sek\u00e4 nostoissa. Petlalla viikkojen 18\u201341 v\u00e4lill\u00e4 kertynyt sadesumma vuonna 2024 oli 534 mm, kun t\u00e4n\u00e4 vuonna samassa ajassa sadesummaa on kertynyt noin 400 mm.<\/p>\n\n\n\n<figure class=\"wp-block-image size-full\"><a href=\"https:\/\/www.pyhajarvi-instituutti.fi\/blogi\/wp-content\/uploads\/2025\/10\/kasvukausi_MT_2.jpg\"><img decoding=\"async\" width=\"643\" height=\"381\" src=\"https:\/\/www.pyhajarvi-instituutti.fi\/blogi\/wp-content\/uploads\/2025\/10\/kasvukausi_MT_2.jpg\" alt=\"sadesummakuvaaja\" class=\"wp-image-2036\"\/><\/a><figcaption class=\"wp-element-caption\">Petlalla mitatut sadesummat vuosilta 2021\u20132025 vk 18 alkaen. Vuoden 2025 sadesumma on kertynyt tasaisesti ja sijoittuu viikolla 41 nelj\u00e4n viime vuoden keskelle (400 mm). <\/figcaption><\/figure>\n\n\n\n<h3 class=\"wp-block-heading\">\u00c4\u00e4riolosuhteet, tautipaine<\/h3>\n\n\n\n<p>L\u00e4mmin kes\u00e4 ja tasaiset sateet vaikuttivat korkeaan tautipaineeseen. Ensimm\u00e4inen ruttohavainto Petlalla tehtiin hein\u00e4kuun alussa ja olosuhteet taudin levi\u00e4miselle olivat otolliset koko kasvukauden ajan. Perunaruton lis\u00e4ksi kasvustoissa oli havaittavissa aiempia vuosia enemm\u00e4n lehtipoltteen oireita.<\/p>\n\n\n\n<figure class=\"wp-block-image size-large\"><a href=\"https:\/\/www.pyhajarvi-instituutti.fi\/blogi\/wp-content\/uploads\/2025\/10\/kasvukausi_MT_4-scaled.jpg\"><img loading=\"lazy\" decoding=\"async\" width=\"768\" height=\"1024\" src=\"https:\/\/www.pyhajarvi-instituutti.fi\/blogi\/wp-content\/uploads\/2025\/10\/kasvukausi_MT_4-768x1024.jpg\" alt=\"perunaruttoa kasvustossa\" class=\"wp-image-2037\"\/><\/a><figcaption class=\"wp-element-caption\">Kasvukauden olosuhteet olivat otolliset perunarutolle.<\/figcaption><\/figure>\n\n\n\n<p>\u00c4\u00e4riolosuhteet ovat selke\u00e4sti lis\u00e4\u00e4ntyneet mennein\u00e4 vuosina ja t\u00e4n\u00e4 vuonna ilmi\u00f6n sai huomata etenkin kuivista ja l\u00e4mpimist\u00e4 jaksoista, kovista sateista sek\u00e4 kovista tuulista. Tuulet hankaloittivat ajoittain kasvinsuojeluruiskutusten toteuttamista, mutta kaikki ruiskutukset saatiin Petlalla kuitenkin toteutettu suunnitellussa aikataulussa. Kovat tuulet edist\u00e4v\u00e4t my\u00f6s esimerkiksi perunaruttoiti\u00f6iden levi\u00e4mist\u00e4 lohkolta toiselle.<\/p>\n\n\n\n<p>Kaiken kaikkiaan kasvukauden olosuhteet ovat j\u00e4tt\u00e4neet perunasadon monin paikoin alhaiseksi vaihtelevan s\u00e4\u00e4n takia.<\/p>\n\n\n\n<p>Tutustu Petla-ohjelman tulos- ja hankeraportteihin t\u00e4\u00e4lt\u00e4: <a href=\"https:\/\/petla.fi\/julkaisut\/\">https:\/\/petla.fi\/julkaisut\/<\/a><\/p>\n","protected":false},"excerpt":{"rendered":"<p>Perunantutkimuslaitos yhdistyi kes\u00e4ll\u00e4 Pyh\u00e4j\u00e4rvi-instituuttiin ja toimii nyt Petla-ohjelman alaisena. Yhdistyminen ei kuitenkaan vaikuttanut konkreettisesti kasvukauden t\u00f6ihin Petlalla ja t\u00f6it\u00e4 jatkettiin entiseen tapaan K\u00f6yli\u00f6ss\u00e4 R\u00e4pin koetilalla&#8230;.<\/p>\n","protected":false},"author":4,"featured_media":2039,"comment_status":"closed","ping_status":"closed","sticky":false,"template":"","format":"standard","meta":{"footnotes":""},"categories":[442],"tags":[445,446,444,440,443],"class_list":["post-2038","post","type-post","status-publish","format-standard","has-post-thumbnail","hentry","category-asiantuntija-minttu-tyykila","tag-kasvukausikatsaus","tag-peruna","tag-perunantutkimus","tag-perunanviljely","tag-petla"],"rttpg_featured_image_url":{"full":["https:\/\/www.pyhajarvi-instituutti.fi\/blogi\/wp-content\/uploads\/2025\/10\/386-scaled.jpg",2560,1778,false],"landscape":["https:\/\/www.pyhajarvi-instituutti.fi\/blogi\/wp-content\/uploads\/2025\/10\/386-scaled.jpg",2560,1778,false],"portraits":["https:\/\/www.pyhajarvi-instituutti.fi\/blogi\/wp-content\/uploads\/2025\/10\/386-scaled.jpg",2560,1778,false],"thumbnail":["https:\/\/www.pyhajarvi-instituutti.fi\/blogi\/wp-content\/uploads\/2025\/10\/386-150x150.jpg",150,150,true],"medium":["https:\/\/www.pyhajarvi-instituutti.fi\/blogi\/wp-content\/uploads\/2025\/10\/386-300x208.jpg",300,208,true],"large":["https:\/\/www.pyhajarvi-instituutti.fi\/blogi\/wp-content\/uploads\/2025\/10\/386-1024x711.jpg",1024,711,true],"rpg_gallery_admin_thumb":["https:\/\/www.pyhajarvi-instituutti.fi\/blogi\/wp-content\/uploads\/2025\/10\/386-150x150.jpg",150,150,true],"rpg_gallery_thumb":["https:\/\/www.pyhajarvi-instituutti.fi\/blogi\/wp-content\/uploads\/2025\/10\/386-150x150.jpg",150,150,true],"1536x1536":["https:\/\/www.pyhajarvi-instituutti.fi\/blogi\/wp-content\/uploads\/2025\/10\/386-1536x1067.jpg",1536,1067,true],"2048x2048":["https:\/\/www.pyhajarvi-instituutti.fi\/blogi\/wp-content\/uploads\/2025\/10\/386-2048x1423.jpg",2048,1423,true],"archive-thumbnail":["https:\/\/www.pyhajarvi-instituutti.fi\/blogi\/wp-content\/uploads\/2025\/10\/386-470x140.jpg",470,140,true],"single-thumbnail":["https:\/\/www.pyhajarvi-instituutti.fi\/blogi\/wp-content\/uploads\/2025\/10\/386-470x260.jpg",470,260,true],"featured-thumbnail":["https:\/\/www.pyhajarvi-instituutti.fi\/blogi\/wp-content\/uploads\/2025\/10\/386-750x380.jpg",750,380,true],"slider-nav-thumbnail":["https:\/\/www.pyhajarvi-instituutti.fi\/blogi\/wp-content\/uploads\/2025\/10\/386-110x70.jpg",110,70,true]},"rttpg_author":{"display_name":"admin","author_link":"https:\/\/www.pyhajarvi-instituutti.fi\/blogi\/author\/admin\/"},"rttpg_comment":0,"rttpg_category":"<a href=\"https:\/\/www.pyhajarvi-instituutti.fi\/blogi\/category\/asiantuntija-minttu-tyykila\/\" rel=\"category tag\">Asiantuntija | Minttu Tyykil\u00e4<\/a>","rttpg_excerpt":"Perunantutkimuslaitos yhdistyi kes\u00e4ll\u00e4 Pyh\u00e4j\u00e4rvi-instituuttiin ja toimii nyt Petla-ohjelman alaisena. Yhdistyminen ei kuitenkaan vaikuttanut konkreettisesti kasvukauden t\u00f6ihin Petlalla ja t\u00f6it\u00e4 jatkettiin entiseen tapaan K\u00f6yli\u00f6ss\u00e4 R\u00e4pin koetilalla....","post_mailing_queue_ids":[],"_links":{"self":[{"href":"https:\/\/www.pyhajarvi-instituutti.fi\/blogi\/wp-json\/wp\/v2\/posts\/2038","targetHints":{"allow":["GET"]}}],"collection":[{"href":"https:\/\/www.pyhajarvi-instituutti.fi\/blogi\/wp-json\/wp\/v2\/posts"}],"about":[{"href":"https:\/\/www.pyhajarvi-instituutti.fi\/blogi\/wp-json\/wp\/v2\/types\/post"}],"author":[{"embeddable":true,"href":"https:\/\/www.pyhajarvi-instituutti.fi\/blogi\/wp-json\/wp\/v2\/users\/4"}],"replies":[{"embeddable":true,"href":"https:\/\/www.pyhajarvi-instituutti.fi\/blogi\/wp-json\/wp\/v2\/comments?post=2038"}],"version-history":[{"count":2,"href":"https:\/\/www.pyhajarvi-instituutti.fi\/blogi\/wp-json\/wp\/v2\/posts\/2038\/revisions"}],"predecessor-version":[{"id":2042,"href":"https:\/\/www.pyhajarvi-instituutti.fi\/blogi\/wp-json\/wp\/v2\/posts\/2038\/revisions\/2042"}],"wp:featuredmedia":[{"embeddable":true,"href":"https:\/\/www.pyhajarvi-instituutti.fi\/blogi\/wp-json\/wp\/v2\/media\/2039"}],"wp:attachment":[{"href":"https:\/\/www.pyhajarvi-instituutti.fi\/blogi\/wp-json\/wp\/v2\/media?parent=2038"}],"wp:term":[{"taxonomy":"category","embeddable":true,"href":"https:\/\/www.pyhajarvi-instituutti.fi\/blogi\/wp-json\/wp\/v2\/categories?post=2038"},{"taxonomy":"post_tag","embeddable":true,"href":"https:\/\/www.pyhajarvi-instituutti.fi\/blogi\/wp-json\/wp\/v2\/tags?post=2038"}],"curies":[{"name":"wp","href":"https:\/\/api.w.org\/{rel}","templated":true}]}}