{"id":2021,"date":"2025-08-14T12:36:34","date_gmt":"2025-08-14T09:36:34","guid":{"rendered":"https:\/\/www.pyhajarvi-instituutti.fi\/blogi\/?p=2021"},"modified":"2025-08-14T14:21:51","modified_gmt":"2025-08-14T11:21:51","slug":"terveisia-okra-2025-maatalousnayttelysta","status":"publish","type":"post","link":"https:\/\/www.pyhajarvi-instituutti.fi\/blogi\/2025\/08\/14\/terveisia-okra-2025-maatalousnayttelysta\/","title":{"rendered":"Terveisi\u00e4 OKRA 2025 maatalousn\u00e4yttelyst\u00e4!"},"content":{"rendered":"\n<p>Maatalousn\u00e4yttely OKRA toi Orip\u00e4\u00e4n lentokent\u00e4lle t\u00e4n\u00e4 vuonna nelj\u00e4n p\u00e4iv\u00e4n ajan noin 450 n\u00e4ytteilleasettajaa ja tuhansia k\u00e4vij\u00f6it\u00e4. My\u00f6s Pyh\u00e4j\u00e4rvi-instituutti oli mukana omalla osastollaan t\u00e4n\u00e4kin vuonna!<\/p>\n\n\n\n<p>Osastollamme olivat esill\u00e4 \u00f6ljykasvit, viljelyn kehitt\u00e4minen, peltojen vesitalous, perunanviljely ja kotiel\u00e4intalouden kehitt\u00e4minen. Paikalla oli sek\u00e4 omia maatalous-asiantuntijoitamme n\u00e4iden teemojen parista, kes\u00e4ty\u00f6ntekij\u00f6it\u00e4mme sek\u00e4 yhteisty\u00f6viljelij\u00f6it\u00e4mme.<\/p>\n\n\n\n<figure class=\"wp-block-image size-full\"><a href=\"https:\/\/www.pyhajarvi-instituutti.fi\/blogi\/wp-content\/uploads\/2025\/08\/image-1.jpeg\"><img fetchpriority=\"high\" decoding=\"async\" width=\"224\" height=\"299\" src=\"https:\/\/www.pyhajarvi-instituutti.fi\/blogi\/wp-content\/uploads\/2025\/08\/image-1.jpeg\" alt=\"\" class=\"wp-image-2023\"\/><\/a><figcaption class=\"wp-element-caption\"><em>Kev\u00e4trypsi Sinuhe oli komean mittaista ja piti tuoda osastolle nokkak\u00e4rryill\u00e4.<\/em><\/figcaption><\/figure>\n\n\n\n<p>Keskustelua her\u00e4tt\u00e4m\u00e4\u00e4n toimme kattavan valikoiman erilaisissa vaiheissa olevia kev\u00e4trypsej\u00e4, syysrapseja, kaksi lajiketta ruokaperunaa, nelj\u00e4 lajiketta t\u00e4rkkelysperunaa sek\u00e4 kasvatuslaatikon, joka perustusvaiheessa p\u00e4\u00e4llystettiin biologisella katteella.<\/p>\n\n\n\n<figure class=\"wp-block-image size-full\"><a href=\"https:\/\/www.pyhajarvi-instituutti.fi\/blogi\/wp-content\/uploads\/2025\/08\/image.jpeg\"><img decoding=\"async\" width=\"378\" height=\"284\" src=\"https:\/\/www.pyhajarvi-instituutti.fi\/blogi\/wp-content\/uploads\/2025\/08\/image.jpeg\" alt=\"\" class=\"wp-image-2022\"\/><\/a><figcaption class=\"wp-element-caption\"><em>Biologinen kate kasvatuslaatikossa. Laatikkoon oli kylvetty muun muassa punajuurta ja pinaattia.<\/em><\/figcaption><\/figure>\n\n\n\n<p>Katteessa on hy\u00f6dynnetty selluteollisuuden nollakuitua. Keskusteluja k\u00e4vimme laatikon \u00e4\u00e4rell\u00e4 laidasta laitaan &#8211; niin materiaalin soveltuvuudesta tryffelien kasvatukseen, katenesteen pH-arvosta ja miten se vaikuttaa maaper\u00e4n pH-arvoon maahan muokatessa kuin my\u00f6s katemateriaalin vaikutuksesta maaper\u00e4\u00e4n pitk\u00e4ll\u00e4 ja lyhyell\u00e4 aikav\u00e4lill\u00e4. K\u00e4vij\u00f6it\u00e4 kiinnosti my\u00f6s tiet\u00e4\u00e4, soveltuuko kate puutarhaviljelyyn tai muillekin kasveille kuten viljoille ja erikoiskasveille. Lupasin, ett\u00e4 palaamme vastaamaan n\u00e4ihin hyviin kysymyksiin pilotin edetess\u00e4.<\/p>\n\n\n\n<p>Vaihtelevien s\u00e4iden keskell\u00e4kin niin messut kuin niiden liikennej\u00e4rjestelyt olivat onnistuneet, vaikka kovien vesisateiden piiskatessa aluetta pohdimmekin, miten peltoparkkipaikat tulisivat kantamaan parkkeerattujen autojen painon. S\u00e4\u00e4tila ei siten kaikilta osin suosinut jokaisena p\u00e4iv\u00e4n\u00e4, mutta toisaalta k\u00e4vij\u00e4t tulivat mielell\u00e4\u00e4n kaatosateen yll\u00e4tt\u00e4ess\u00e4 suojaan ja juttelemaan Pyh\u00e4j\u00e4rvi-instituutin teltalle.<\/p>\n\n\n\n<figure class=\"wp-block-image size-large is-resized\"><a href=\"https:\/\/www.pyhajarvi-instituutti.fi\/blogi\/wp-content\/uploads\/2025\/08\/Teltassa-on-tunnelmaa_KO-scaled.jpg\"><img decoding=\"async\" width=\"1024\" height=\"768\" src=\"https:\/\/www.pyhajarvi-instituutti.fi\/blogi\/wp-content\/uploads\/2025\/08\/Teltassa-on-tunnelmaa_KO-1024x768.jpg\" alt=\"\" class=\"wp-image-2026\" style=\"aspect-ratio:1.7777777777777777;object-fit:cover;width:526px;height:auto\"\/><\/a><figcaption class=\"wp-element-caption\"><em>Osaston teltta tarjosi paikan keskustelulle my\u00f6s sades\u00e4\u00e4ll\u00e4.<\/em><\/figcaption><\/figure>\n\n\n\n<p>Messujen ajankohtaisista aiheista teimme sosiaalisen median kanaviimme aamuisin l\u00e4hes ensimm\u00e4isen\u00e4 julkaisuja, joissa kerrottiin, mist\u00e4 aiheista erityisesti kannattaa tulla asiantuntijan kanssa juttelemaan kyseisen\u00e4 p\u00e4iv\u00e4n\u00e4. Onneksi paikalle l\u00f6ysikin moni!<\/p>\n\n\n\n<p><strong>Teksti:<\/strong> Kristiina Ojala<\/p>\n","protected":false},"excerpt":{"rendered":"<p>Maatalousn\u00e4yttely OKRA toi Orip\u00e4\u00e4n lentokent\u00e4lle t\u00e4n\u00e4 vuonna nelj\u00e4n p\u00e4iv\u00e4n ajan noin 450 n\u00e4ytteilleasettajaa ja tuhansia k\u00e4vij\u00f6it\u00e4. My\u00f6s Pyh\u00e4j\u00e4rvi-instituutti oli mukana omalla osastollaan t\u00e4n\u00e4kin vuonna! Osastollamme&#8230;<\/p>\n","protected":false},"author":5,"featured_media":2027,"comment_status":"closed","ping_status":"closed","sticky":false,"template":"","format":"standard","meta":{"footnotes":""},"categories":[423],"tags":[441,183,440,22,229,147,424],"class_list":["post-2021","post","type-post","status-publish","format-standard","has-post-thumbnail","hentry","category-harjoittelija-kristiina-ojala","tag-kotielaintalous","tag-okra","tag-perunanviljely","tag-pyhajarvi-instituutti","tag-vesitalous","tag-viljelymenetelmat","tag-oljykasvit"],"rttpg_featured_image_url":{"full":["https:\/\/www.pyhajarvi-instituutti.fi\/blogi\/wp-content\/uploads\/2025\/08\/IMG20250702155148-scaled.jpg",2560,1920,false],"landscape":["https:\/\/www.pyhajarvi-instituutti.fi\/blogi\/wp-content\/uploads\/2025\/08\/IMG20250702155148-scaled.jpg",2560,1920,false],"portraits":["https:\/\/www.pyhajarvi-instituutti.fi\/blogi\/wp-content\/uploads\/2025\/08\/IMG20250702155148-scaled.jpg",2560,1920,false],"thumbnail":["https:\/\/www.pyhajarvi-instituutti.fi\/blogi\/wp-content\/uploads\/2025\/08\/IMG20250702155148-150x150.jpg",150,150,true],"medium":["https:\/\/www.pyhajarvi-instituutti.fi\/blogi\/wp-content\/uploads\/2025\/08\/IMG20250702155148-300x225.jpg",300,225,true],"large":["https:\/\/www.pyhajarvi-instituutti.fi\/blogi\/wp-content\/uploads\/2025\/08\/IMG20250702155148-1024x768.jpg",1024,768,true],"rpg_gallery_admin_thumb":["https:\/\/www.pyhajarvi-instituutti.fi\/blogi\/wp-content\/uploads\/2025\/08\/IMG20250702155148-150x150.jpg",150,150,true],"rpg_gallery_thumb":["https:\/\/www.pyhajarvi-instituutti.fi\/blogi\/wp-content\/uploads\/2025\/08\/IMG20250702155148-150x150.jpg",150,150,true],"1536x1536":["https:\/\/www.pyhajarvi-instituutti.fi\/blogi\/wp-content\/uploads\/2025\/08\/IMG20250702155148-1536x1152.jpg",1536,1152,true],"2048x2048":["https:\/\/www.pyhajarvi-instituutti.fi\/blogi\/wp-content\/uploads\/2025\/08\/IMG20250702155148-2048x1536.jpg",2048,1536,true],"archive-thumbnail":["https:\/\/www.pyhajarvi-instituutti.fi\/blogi\/wp-content\/uploads\/2025\/08\/IMG20250702155148-470x140.jpg",470,140,true],"single-thumbnail":["https:\/\/www.pyhajarvi-instituutti.fi\/blogi\/wp-content\/uploads\/2025\/08\/IMG20250702155148-470x260.jpg",470,260,true],"featured-thumbnail":["https:\/\/www.pyhajarvi-instituutti.fi\/blogi\/wp-content\/uploads\/2025\/08\/IMG20250702155148-750x380.jpg",750,380,true],"slider-nav-thumbnail":["https:\/\/www.pyhajarvi-instituutti.fi\/blogi\/wp-content\/uploads\/2025\/08\/IMG20250702155148-110x70.jpg",110,70,true]},"rttpg_author":{"display_name":"Ellinoora Havaste","author_link":"https:\/\/www.pyhajarvi-instituutti.fi\/blogi\/author\/ellinoora\/"},"rttpg_comment":0,"rttpg_category":"<a href=\"https:\/\/www.pyhajarvi-instituutti.fi\/blogi\/category\/harjoittelija-kristiina-ojala\/\" rel=\"category tag\">Harjoittelija | Kristiina Ojala<\/a>","rttpg_excerpt":"Maatalousn\u00e4yttely OKRA toi Orip\u00e4\u00e4n lentokent\u00e4lle t\u00e4n\u00e4 vuonna nelj\u00e4n p\u00e4iv\u00e4n ajan noin 450 n\u00e4ytteilleasettajaa ja tuhansia k\u00e4vij\u00f6it\u00e4. My\u00f6s Pyh\u00e4j\u00e4rvi-instituutti oli mukana omalla osastollaan t\u00e4n\u00e4kin vuonna! Osastollamme...","post_mailing_queue_ids":[],"_links":{"self":[{"href":"https:\/\/www.pyhajarvi-instituutti.fi\/blogi\/wp-json\/wp\/v2\/posts\/2021","targetHints":{"allow":["GET"]}}],"collection":[{"href":"https:\/\/www.pyhajarvi-instituutti.fi\/blogi\/wp-json\/wp\/v2\/posts"}],"about":[{"href":"https:\/\/www.pyhajarvi-instituutti.fi\/blogi\/wp-json\/wp\/v2\/types\/post"}],"author":[{"embeddable":true,"href":"https:\/\/www.pyhajarvi-instituutti.fi\/blogi\/wp-json\/wp\/v2\/users\/5"}],"replies":[{"embeddable":true,"href":"https:\/\/www.pyhajarvi-instituutti.fi\/blogi\/wp-json\/wp\/v2\/comments?post=2021"}],"version-history":[{"count":3,"href":"https:\/\/www.pyhajarvi-instituutti.fi\/blogi\/wp-json\/wp\/v2\/posts\/2021\/revisions"}],"predecessor-version":[{"id":2030,"href":"https:\/\/www.pyhajarvi-instituutti.fi\/blogi\/wp-json\/wp\/v2\/posts\/2021\/revisions\/2030"}],"wp:featuredmedia":[{"embeddable":true,"href":"https:\/\/www.pyhajarvi-instituutti.fi\/blogi\/wp-json\/wp\/v2\/media\/2027"}],"wp:attachment":[{"href":"https:\/\/www.pyhajarvi-instituutti.fi\/blogi\/wp-json\/wp\/v2\/media?parent=2021"}],"wp:term":[{"taxonomy":"category","embeddable":true,"href":"https:\/\/www.pyhajarvi-instituutti.fi\/blogi\/wp-json\/wp\/v2\/categories?post=2021"},{"taxonomy":"post_tag","embeddable":true,"href":"https:\/\/www.pyhajarvi-instituutti.fi\/blogi\/wp-json\/wp\/v2\/tags?post=2021"}],"curies":[{"name":"wp","href":"https:\/\/api.w.org\/{rel}","templated":true}]}}