{"id":2012,"date":"2025-07-13T08:00:00","date_gmt":"2025-07-13T05:00:00","guid":{"rendered":"https:\/\/www.pyhajarvi-instituutti.fi\/blogi\/?p=2012"},"modified":"2025-07-09T14:19:02","modified_gmt":"2025-07-09T11:19:02","slug":"ei-vett-rantta-rakkamppa","status":"publish","type":"post","link":"https:\/\/www.pyhajarvi-instituutti.fi\/blogi\/2025\/07\/13\/ei-vett-rantta-rakkamppa\/","title":{"rendered":"Ei vett, rantta rakkamppa"},"content":{"rendered":"\n<p>Nostetas S\u00e4kyl\u00e4 ja Eura oikke jalustall,<br>nii lokone o olo t\u00e4\u00e4ll \u2013 sikses.<br>Ei ol pula potuist, ei porkkanist.<br>Sokerjuurikkaki kulkeva rekoill tuhatt ja satta.<\/p>\n\n\n\n<p>Pyh\u00e4j\u00e4rvell tuule tuivertava ja aallo pauhava,<br>mutt o si\u00e4lt muutakki saattu ko vesiper\u00e4.<br>Jokune muikku o savustunu, krapu punastunu.<br>Ja j\u00e4\u00e4 alt nouse niim pal kala, et ei ol tosika.<\/p>\n\n\n\n<p>Joe ova v\u00e4h\u00e4 knaftei, ranna ja vainio siin iha likell.<br>J\u00e4rves o v\u00e4ljempp\u00e4 vett, melojalt ei selk heti lopukka.<br>Uimarill taas l\u00f6yty helpost hiakka varppate all,<br>ja haueill o sopivi kaislikoi vaanimisse.<\/p>\n\n\n\n<p>Pikkulinnu ne lentelev\u00e4 ovist ja ikkunoist,<br>eik ol isommillaka mitt\u00e4 m\u00e4\u00e4r\u00e4.<br>Kalas\u00e4\u00e4skell riitt\u00e4 saalist, merimetsoll ei ol nii v\u00e4liks.<br>T\u00e4nn poikkeva my\u00e4s muuttolinnu leputtama ja voimi ker\u00e4m\u00e4.<\/p>\n\n\n\n<p>Peuroi piissa vaik muill jakka, hirvei o sopivammi.<br>Susi pakka vakituiseks seuralaiseks,<br>vaikk o se en\u00e4mp semne hukka non kraatta.<br>Mutt ilveksest olis oikkiast veljekseks.<\/p>\n\n\n\n<p>Vaikk o Valasrant, ei t\u00e4\u00e4ll mitt\u00e4 valait ol,<br>eik ol hylkkei tai krokotiilei manaateist puhumattaka.<br>Toisinas kyll pukka Kristallirannallki runssaimma j\u00e4lkke sinilev\u00e4.<br>Ilma sit\u00e4 passais kaikill mahrottoma hyvi.<\/p>\n\n\n\n<p>Vaikk ite p\u00e4\u00e4minister o v\u00e4h\u00e4poikan j\u00e4rve rannoill ruikuttanu,<br>ei t\u00e4\u00e4ll ol parlamentti, elokapinoit taik st\u00e4ndap-paarei.<br>V\u00e4ki pruukka ol omis oloisas,<br>mutt siit hualimat saara v\u00e4lill aikka helvatimoine \u00e4l\u00e4m\u00f6l\u00f6.<\/p>\n\n\n\n<p>Ihmine o asustellu t\u00e4s\u00e4 seutukunnas jo kivikaurell,<br>ett sit\u00e4ki my\u00e4te ei paikas pir\u00e4is ol mitt\u00e4 vikka.<br>V\u00e4ki paiski t\u00f6it hiki hatus ja pit\u00e4 hualt omistas.<br>Ja ko puhuva nii sukkela ki\u00e4lt, l\u00e4mmitt\u00e4 se kummast mi\u00e4lt.<\/p>\n\n\n\n<p>Eik t\u00e4s\u00e4 kaik. Meinaan, ett siunattu se instituut,<br>ko pyrki nii harttast avittama asjotte laitta.<br>Heit varjelkko haltja, Vellamo ja Ahti.<br>Ei mitt\u00e4 \u2013 kyll maar me n\u00e4hr\u00e4 j\u00e4rven kunnoss vi\u00e4l v\u00e4h\u00e4 petraust.<\/p>\n\n\n\n<p>&#8211; Raimo Siltanen<\/p>\n\n\n\n<p>Pyh\u00e4j\u00e4rven suojeluohjelma j\u00e4rjesti 30-vuotisjuhlavuotensa kunniaksi kirjoituskilpailun 28.9.-30.11.2024. \u201dEi vett, rantta rakkamppa\u201d sijoittui kirjoituskilpailussa jaetulle kolmannelle sijalle. Tuomaristo kuvaili teksti\u00e4 seuraavasti:<\/p>\n\n\n\n<blockquote class=\"wp-block-quote is-layout-flow wp-block-quote-is-layout-flow\">\n<p>Vahva yhteys paikalliseen luontoon ripauksella huumoria.<\/p>\n<\/blockquote>\n\n\n\n<blockquote class=\"wp-block-quote is-layout-flow wp-block-quote-is-layout-flow\">\n<p>Erilainen tuotos murteella<\/p>\n<\/blockquote>\n\n\n\n<blockquote class=\"wp-block-quote is-layout-flow wp-block-quote-is-layout-flow\">\n<p>Hauska!<\/p>\n<\/blockquote>\n\n\n\n<blockquote class=\"wp-block-quote is-layout-flow wp-block-quote-is-layout-flow\">\n<p>Vahva paikallisuus ja moniulotteinen l\u00e4hestyminen j\u00e4rveen. Murteen k\u00e4ytt\u00e4misest\u00e4 plussa.<\/p>\n<\/blockquote>\n\n\n\n<p><em>Teksti on osa kuukausittain ilmestyv\u00e4\u00e4 Pyh\u00e4j\u00e4rven puolesta -juttusarjaa, jota on julkaistu Auranmaan Viikkolehdess\u00e4 ja Alasatakunta-lehdess\u00e4 jo vuodesta 1995. Vuodesta 2015 jutut l\u00f6ytyv\u00e4t Puhdas vesi, paremmat ev\u00e4(\u00e4)t -blogista. Juttusarjan vanhimmat jutut on luettavissa Pyh\u00e4j\u00e4rven suojeluohjelman sivuilta\u00a0<a href=\"https:\/\/www.pyhajarvensuojelu.net\/julkaisut\/\" target=\"_blank\" rel=\"noreferrer noopener\">t\u00e4\u00e4lt\u00e4<\/a>.<\/em><\/p>\n","protected":false},"excerpt":{"rendered":"<p>Nostetas S\u00e4kyl\u00e4 ja Eura oikke jalustall,nii lokone o olo t\u00e4\u00e4ll \u2013 sikses.Ei ol pula potuist, ei porkkanist.Sokerjuurikkaki kulkeva rekoill tuhatt ja satta. Pyh\u00e4j\u00e4rvell tuule tuivertava&#8230;<\/p>\n","protected":false},"author":4,"featured_media":1972,"comment_status":"closed","ping_status":"closed","sticky":false,"template":"","format":"standard","meta":{"footnotes":""},"categories":[25],"tags":[417,33,34,40],"class_list":["post-2012","post","type-post","status-publish","format-standard","has-post-thumbnail","hentry","category-yhteiskyna","tag-kirjoituskilpailu","tag-pyhajarven-puolesta","tag-pyhajarven-suojeluohjelma","tag-pyhajarvi"],"rttpg_featured_image_url":{"full":["https:\/\/www.pyhajarvi-instituutti.fi\/blogi\/wp-content\/uploads\/2025\/05\/20241129_120219-scaled.jpg",2560,1440,false],"landscape":["https:\/\/www.pyhajarvi-instituutti.fi\/blogi\/wp-content\/uploads\/2025\/05\/20241129_120219-scaled.jpg",2560,1440,false],"portraits":["https:\/\/www.pyhajarvi-instituutti.fi\/blogi\/wp-content\/uploads\/2025\/05\/20241129_120219-scaled.jpg",2560,1440,false],"thumbnail":["https:\/\/www.pyhajarvi-instituutti.fi\/blogi\/wp-content\/uploads\/2025\/05\/20241129_120219-150x150.jpg",150,150,true],"medium":["https:\/\/www.pyhajarvi-instituutti.fi\/blogi\/wp-content\/uploads\/2025\/05\/20241129_120219-300x169.jpg",300,169,true],"large":["https:\/\/www.pyhajarvi-instituutti.fi\/blogi\/wp-content\/uploads\/2025\/05\/20241129_120219-1024x576.jpg",1024,576,true],"rpg_gallery_admin_thumb":["https:\/\/www.pyhajarvi-instituutti.fi\/blogi\/wp-content\/uploads\/2025\/05\/20241129_120219-150x150.jpg",150,150,true],"rpg_gallery_thumb":["https:\/\/www.pyhajarvi-instituutti.fi\/blogi\/wp-content\/uploads\/2025\/05\/20241129_120219-150x150.jpg",150,150,true],"1536x1536":["https:\/\/www.pyhajarvi-instituutti.fi\/blogi\/wp-content\/uploads\/2025\/05\/20241129_120219-1536x864.jpg",1536,864,true],"2048x2048":["https:\/\/www.pyhajarvi-instituutti.fi\/blogi\/wp-content\/uploads\/2025\/05\/20241129_120219-2048x1152.jpg",2048,1152,true],"archive-thumbnail":["https:\/\/www.pyhajarvi-instituutti.fi\/blogi\/wp-content\/uploads\/2025\/05\/20241129_120219-470x140.jpg",470,140,true],"single-thumbnail":["https:\/\/www.pyhajarvi-instituutti.fi\/blogi\/wp-content\/uploads\/2025\/05\/20241129_120219-470x260.jpg",470,260,true],"featured-thumbnail":["https:\/\/www.pyhajarvi-instituutti.fi\/blogi\/wp-content\/uploads\/2025\/05\/20241129_120219-750x380.jpg",750,380,true],"slider-nav-thumbnail":["https:\/\/www.pyhajarvi-instituutti.fi\/blogi\/wp-content\/uploads\/2025\/05\/20241129_120219-110x70.jpg",110,70,true]},"rttpg_author":{"display_name":"admin","author_link":"https:\/\/www.pyhajarvi-instituutti.fi\/blogi\/author\/admin\/"},"rttpg_comment":0,"rttpg_category":"<a href=\"https:\/\/www.pyhajarvi-instituutti.fi\/blogi\/category\/yhteiskyna\/\" rel=\"category tag\">Yhteiskyn\u00e4<\/a>","rttpg_excerpt":"Nostetas S\u00e4kyl\u00e4 ja Eura oikke jalustall,nii lokone o olo t\u00e4\u00e4ll \u2013 sikses.Ei ol pula potuist, ei porkkanist.Sokerjuurikkaki kulkeva rekoill tuhatt ja satta. Pyh\u00e4j\u00e4rvell tuule tuivertava...","post_mailing_queue_ids":[],"_links":{"self":[{"href":"https:\/\/www.pyhajarvi-instituutti.fi\/blogi\/wp-json\/wp\/v2\/posts\/2012","targetHints":{"allow":["GET"]}}],"collection":[{"href":"https:\/\/www.pyhajarvi-instituutti.fi\/blogi\/wp-json\/wp\/v2\/posts"}],"about":[{"href":"https:\/\/www.pyhajarvi-instituutti.fi\/blogi\/wp-json\/wp\/v2\/types\/post"}],"author":[{"embeddable":true,"href":"https:\/\/www.pyhajarvi-instituutti.fi\/blogi\/wp-json\/wp\/v2\/users\/4"}],"replies":[{"embeddable":true,"href":"https:\/\/www.pyhajarvi-instituutti.fi\/blogi\/wp-json\/wp\/v2\/comments?post=2012"}],"version-history":[{"count":4,"href":"https:\/\/www.pyhajarvi-instituutti.fi\/blogi\/wp-json\/wp\/v2\/posts\/2012\/revisions"}],"predecessor-version":[{"id":2016,"href":"https:\/\/www.pyhajarvi-instituutti.fi\/blogi\/wp-json\/wp\/v2\/posts\/2012\/revisions\/2016"}],"wp:featuredmedia":[{"embeddable":true,"href":"https:\/\/www.pyhajarvi-instituutti.fi\/blogi\/wp-json\/wp\/v2\/media\/1972"}],"wp:attachment":[{"href":"https:\/\/www.pyhajarvi-instituutti.fi\/blogi\/wp-json\/wp\/v2\/media?parent=2012"}],"wp:term":[{"taxonomy":"category","embeddable":true,"href":"https:\/\/www.pyhajarvi-instituutti.fi\/blogi\/wp-json\/wp\/v2\/categories?post=2012"},{"taxonomy":"post_tag","embeddable":true,"href":"https:\/\/www.pyhajarvi-instituutti.fi\/blogi\/wp-json\/wp\/v2\/tags?post=2012"}],"curies":[{"name":"wp","href":"https:\/\/api.w.org\/{rel}","templated":true}]}}