{"id":2001,"date":"2025-06-17T15:01:16","date_gmt":"2025-06-17T12:01:16","guid":{"rendered":"https:\/\/www.pyhajarvi-instituutti.fi\/blogi\/?p=2001"},"modified":"2025-06-17T15:02:21","modified_gmt":"2025-06-17T12:02:21","slug":"2020-luvulla-lupaavaa-kehitysta-pyhajarven-vedenlaadun-suhteen-talven-tulvat-luovat-haasteita-juhlavuoteen","status":"publish","type":"post","link":"https:\/\/www.pyhajarvi-instituutti.fi\/blogi\/2025\/06\/17\/2020-luvulla-lupaavaa-kehitysta-pyhajarven-vedenlaadun-suhteen-talven-tulvat-luovat-haasteita-juhlavuoteen\/","title":{"rendered":"2020-luvulla lupaavaa kehityst\u00e4 Pyh\u00e4j\u00e4rven vedenlaadun suhteen, talven tulvat luovat haasteita juhlavuoteen"},"content":{"rendered":"\n<p>Vuoden 2025 avovesikauden ollessa jo pitk\u00e4ll\u00e4 on hyv\u00e4 luoda pieni silm\u00e4ys viime vuoden vedenlaatuaineistoon. J\u00e4rjestelm\u00e4llinen ja riitt\u00e4v\u00e4n laaja n\u00e4ytteenotto antaa mahdollisuuden paitsi arvioida Pyh\u00e4j\u00e4rven suojeluohjelman 30-vuotisen taipaleen tuloksellisuutta my\u00f6s ennustaa tulevan aluillaan olevan virkistysk\u00e4ytt\u00f6kauden vedenlaatun\u00e4kymi\u00e4.<\/p>\n\n\n\n<p>L\u00e4pi 30-vuotisen historian Pyh\u00e4j\u00e4rven suojeluohjelman keski\u00f6ss\u00e4 on ollut ulkoisen ja sis\u00e4isen ravinnekuormituksen v\u00e4hent\u00e4minen. Valuma-alueelle on rakennettu kymmeni\u00e4, jopa satoja, erilaisia toimenpiteit\u00e4, jotta valuma-alueelta j\u00e4rveen huuhtoutuvaa ravinnekuormitusta on pystytty hillitsem\u00e4\u00e4n. Lis\u00e4ksi viljelij\u00e4t ovat ymp\u00e4rist\u00f6tukien puitteissa perustaneet lukuisia suojavy\u00f6hykkeit\u00e4, ja 2010-luvun loppupuolelta l\u00e4htien my\u00f6s suojeluty\u00f6 on keskittynyt yh\u00e4 mittavammin maan kasvukuntoon sek\u00e4 mets\u00e4nhoidollisiin menetelmiin ja niihin liittyviin pilotointeihin ja tiedonv\u00e4litykseen. Sis\u00e4isen kuormituksen hallinnassa puolestaan v\u00e4hempiarvoisen kalaston mittava pyynti on ollut keski\u00f6ss\u00e4.<\/p>\n\n\n\n<p>Viime vuodet ovat olleet Pyh\u00e4j\u00e4rviseudulla poikkeuksellisen sateisia. Vuonna 2023 oltiin sadannan osalta reippaasti keskiarvon yl\u00e4puolella ja vuonna 2024 Yl\u00e4neell\u00e4 sijaitsevan Ilmatieteen laitoksen sademittauspisteen mukaan Pyh\u00e4j\u00e4rviseudulla satoi l\u00e4hemm\u00e4s 200 mm tavanomaista enemm\u00e4n. Mittava sadanta n\u00e4kyy suoraan j\u00e4rveen p\u00e4\u00e4tyv\u00e4ss\u00e4 ravinnekuormituksessa, varsinkin kun suuri osa sateista on tullut kasvukauden ulkopuolella. Yl\u00e4neenjoessa ja Pyh\u00e4joessa n\u00e4htiin kuluneen talven aikana useampia ylivirtaamatilanteita, joita kuivina vuosina ei v\u00e4ltt\u00e4m\u00e4tt\u00e4 tule ainuttakaan. Tulvap\u00e4ivin\u00e4 j\u00e4rveen p\u00e4\u00e4tyv\u00e4n kiintoaineen osalta esimerkiksi puhutaan useista kuorma-autolasteista p\u00e4iv\u00e4\u00e4 kohti. Menneen vuoden kuormitustilannetta ei my\u00f6sk\u00e4\u00e4n edist\u00e4nyt korkealla ollut j\u00e4rvivedenpinta, joka pyyhki ravinteita my\u00f6s ranta-alueilta j\u00e4rveen. Kiintoainekuormituksen aiheuttama samentuminen on ollut selke\u00e4sti n\u00e4ht\u00e4vill\u00e4 varsinkin j\u00e4rven etel\u00e4p\u00e4\u00e4ss\u00e4 (Kuva 1).<\/p>\n\n\n\n<figure class=\"wp-block-image size-full\"><a href=\"https:\/\/www.pyhajarvi-instituutti.fi\/blogi\/wp-content\/uploads\/2025\/06\/Pyhajarven-puolesta_kuva-1_toukokuu-2025.png\"><img fetchpriority=\"high\" decoding=\"async\" width=\"775\" height=\"858\" src=\"https:\/\/www.pyhajarvi-instituutti.fi\/blogi\/wp-content\/uploads\/2025\/06\/Pyhajarven-puolesta_kuva-1_toukokuu-2025.png\" alt=\"satelliittikuva\" class=\"wp-image-2000\"\/><\/a><figcaption class=\"wp-element-caption\">Valuma-alueelta Pyh\u00e4j\u00e4rveen talven aikana p\u00e4\u00e4tynyt ravinnekuorma n\u00e4kyi mittavana samentumana j\u00e4rven etel\u00e4p\u00e4\u00e4ss\u00e4 pian j\u00e4iden l\u00e4hd\u00f6n j\u00e4lkeen.<\/figcaption><\/figure>\n\n\n\n<p>Kun katsotaan viime vuotta positiivisen kautta, niin onneksi talvella j\u00e4rvi sai jonkin aikaa rauhoittua j\u00e4\u00e4kannen alla. Reippaat sata p\u00e4iv\u00e4\u00e4 kest\u00e4nyt j\u00e4\u00e4peitteinen kausi ei kuitenkaan lukeutunut edes t\u00e4m\u00e4n vuosikymmenen pisimpiin, mik\u00e4 saattaa olla hyv\u00e4 j\u00e4rven sis\u00e4isen kuormituksen n\u00e4k\u00f6kulmasta. J\u00e4rven syv\u00e4nnealueen happitilanne nimitt\u00e4in pysyi melko pitk\u00e4lle kev\u00e4\u00e4seen hyv\u00e4n\u00e4 eik\u00e4 hapenpuute n\u00e4in ollen aiheuttanut kovin pahaa liukoisten ravinteiden vapautumista pohjasedimentist\u00e4. Positiivista on my\u00f6s 2020-luvun alkupuolen kehitys j\u00e4rven kokonaisfosforipitoisuuksissa. Hankalan talven 2019\u20132020 j\u00e4lkeen j\u00e4rven fosforipitoisuudet ovat olleet tasaisessa laskussa aina viime vuoteen asti, mik\u00e4 on lis\u00e4nnyt sietokyky\u00e4 parin viime vuoden runsasta ravinnevalumaa ajatellen (Kuva 2). Esimerkiksi viime kes\u00e4n\u00e4 j\u00e4rven vedenlaatu pysyi p\u00e4\u00e4osin hyv\u00e4ll\u00e4 tasolla l\u00e4pi virkistysk\u00e4ytt\u00f6kauden. Vasta syksyyn painottuen havaittiin ajoittaisia lev\u00e4kukintoja.<\/p>\n\n\n\n<figure class=\"wp-block-image size-large\"><a href=\"https:\/\/www.pyhajarvi-instituutti.fi\/blogi\/wp-content\/uploads\/2025\/06\/Pyhajarven-puolesta_kuva2_toukokuu_2025-scaled.png\"><img decoding=\"async\" width=\"1024\" height=\"492\" src=\"https:\/\/www.pyhajarvi-instituutti.fi\/blogi\/wp-content\/uploads\/2025\/06\/Pyhajarven-puolesta_kuva2_toukokuu_2025-1024x492.png\" alt=\"graafi\" class=\"wp-image-1999\"\/><\/a><figcaption class=\"wp-element-caption\">Pyh\u00e4j\u00e4rven kokonaisfosforipitoisuus 1980-2024. Ymp\u00e4rist\u00f6hallinnon ja Pyh\u00e4j\u00e4rvi-instituutin aineisto.<\/figcaption><\/figure>\n\n\n\n<p>Joka tapauksessa on selv\u00e4\u00e4, ett\u00e4 t\u00e4n\u00e4 vuonna todenn\u00e4k\u00f6isyydet vedenlaadullisille riskeille ovat koholla l\u00e4hivuosiin verrattuna. Vesist\u00f6kunnostajan n\u00e4k\u00f6kulmasta toivottavaa olisikin, ettei kes\u00e4 olisi kovin helteinen ja pintavedet pysyisiv\u00e4t l\u00e4mp\u00f6tiloiltaan maltillisella tasolla. Kev\u00e4iset lev\u00e4ryhm\u00e4t kuten pii-, nielu- ja kultalev\u00e4t ovat onneksi osaltaan sy\u00f6neet j\u00e4rveen p\u00e4\u00e4tynytt\u00e4 ravinnekuormaa jo kasvukauden alussa ja toivottavasti ruokkivat hyvin my\u00f6s j\u00e4rven tilan kannalta t\u00e4rkeiden el\u00e4inplanktonryhmien eli vesikirppujen ja hankajalkaisten kasvua. Hyvinvoiva ja runsas el\u00e4inplanktonyhteis\u00f6 hillitsee kasviplanktonlevien kasvua laidunnuksen kautta.<\/p>\n\n\n\n<p>Pienist\u00e4 tummista pilvist\u00e4 huolimatta 30-vuotias Pyh\u00e4j\u00e4rven suojeluohjelma toivottaa kaikille lukijoille oikein mukavaa kes\u00e4\u00e4 sek\u00e4 antoisia hetki\u00e4 vesien \u00e4\u00e4rell\u00e4!<\/p>\n\n\n\n<p><em>Teksti on osa kuukausittain ilmestyv\u00e4\u00e4 Pyh\u00e4j\u00e4rven puolesta -juttusarjaa, jota on julkaistu Auranmaan Viikkolehdess\u00e4 ja Alasatakunta-lehdess\u00e4 jo vuodesta 1995. Vuodesta 2015 jutut l\u00f6ytyv\u00e4t Puhdas vesi, paremmat ev\u00e4(\u00e4)t -blogista. Juttusarjan vanhimmat jutut on luettavissa Pyh\u00e4j\u00e4rven suojeluohjelman sivuilta\u00a0<a href=\"https:\/\/www.pyhajarvensuojelu.net\/julkaisut\/\" target=\"_blank\" rel=\"noreferrer noopener\">t\u00e4\u00e4lt\u00e4<\/a>.<\/em><\/p>\n","protected":false},"excerpt":{"rendered":"<p>Vuoden 2025 avovesikauden ollessa jo pitk\u00e4ll\u00e4 on hyv\u00e4 luoda pieni silm\u00e4ys viime vuoden vedenlaatuaineistoon. J\u00e4rjestelm\u00e4llinen ja riitt\u00e4v\u00e4n laaja n\u00e4ytteenotto antaa mahdollisuuden paitsi arvioida Pyh\u00e4j\u00e4rven suojeluohjelman&#8230;<\/p>\n","protected":false},"author":4,"featured_media":2002,"comment_status":"open","ping_status":"closed","sticky":false,"template":"","format":"standard","meta":{"footnotes":""},"categories":[90],"tags":[33,34,40],"class_list":["post-2001","post","type-post","status-publish","format-standard","has-post-thumbnail","hentry","category-harjoittelija-lauri-anttila","tag-pyhajarven-puolesta","tag-pyhajarven-suojeluohjelma","tag-pyhajarvi"],"rttpg_featured_image_url":{"full":["https:\/\/www.pyhajarvi-instituutti.fi\/blogi\/wp-content\/uploads\/2025\/06\/20250616_085409-scaled.jpg",2560,1440,false],"landscape":["https:\/\/www.pyhajarvi-instituutti.fi\/blogi\/wp-content\/uploads\/2025\/06\/20250616_085409-scaled.jpg",2560,1440,false],"portraits":["https:\/\/www.pyhajarvi-instituutti.fi\/blogi\/wp-content\/uploads\/2025\/06\/20250616_085409-scaled.jpg",2560,1440,false],"thumbnail":["https:\/\/www.pyhajarvi-instituutti.fi\/blogi\/wp-content\/uploads\/2025\/06\/20250616_085409-150x150.jpg",150,150,true],"medium":["https:\/\/www.pyhajarvi-instituutti.fi\/blogi\/wp-content\/uploads\/2025\/06\/20250616_085409-300x169.jpg",300,169,true],"large":["https:\/\/www.pyhajarvi-instituutti.fi\/blogi\/wp-content\/uploads\/2025\/06\/20250616_085409-1024x576.jpg",1024,576,true],"rpg_gallery_admin_thumb":["https:\/\/www.pyhajarvi-instituutti.fi\/blogi\/wp-content\/uploads\/2025\/06\/20250616_085409-150x150.jpg",150,150,true],"rpg_gallery_thumb":["https:\/\/www.pyhajarvi-instituutti.fi\/blogi\/wp-content\/uploads\/2025\/06\/20250616_085409-150x150.jpg",150,150,true],"1536x1536":["https:\/\/www.pyhajarvi-instituutti.fi\/blogi\/wp-content\/uploads\/2025\/06\/20250616_085409-1536x864.jpg",1536,864,true],"2048x2048":["https:\/\/www.pyhajarvi-instituutti.fi\/blogi\/wp-content\/uploads\/2025\/06\/20250616_085409-2048x1152.jpg",2048,1152,true],"archive-thumbnail":["https:\/\/www.pyhajarvi-instituutti.fi\/blogi\/wp-content\/uploads\/2025\/06\/20250616_085409-470x140.jpg",470,140,true],"single-thumbnail":["https:\/\/www.pyhajarvi-instituutti.fi\/blogi\/wp-content\/uploads\/2025\/06\/20250616_085409-470x260.jpg",470,260,true],"featured-thumbnail":["https:\/\/www.pyhajarvi-instituutti.fi\/blogi\/wp-content\/uploads\/2025\/06\/20250616_085409-750x380.jpg",750,380,true],"slider-nav-thumbnail":["https:\/\/www.pyhajarvi-instituutti.fi\/blogi\/wp-content\/uploads\/2025\/06\/20250616_085409-110x70.jpg",110,70,true]},"rttpg_author":{"display_name":"admin","author_link":"https:\/\/www.pyhajarvi-instituutti.fi\/blogi\/author\/admin\/"},"rttpg_comment":0,"rttpg_category":"<a href=\"https:\/\/www.pyhajarvi-instituutti.fi\/blogi\/category\/harjoittelija-lauri-anttila\/\" rel=\"category tag\">Asiantuntija | Lauri Anttila<\/a>","rttpg_excerpt":"Vuoden 2025 avovesikauden ollessa jo pitk\u00e4ll\u00e4 on hyv\u00e4 luoda pieni silm\u00e4ys viime vuoden vedenlaatuaineistoon. J\u00e4rjestelm\u00e4llinen ja riitt\u00e4v\u00e4n laaja n\u00e4ytteenotto antaa mahdollisuuden paitsi arvioida Pyh\u00e4j\u00e4rven suojeluohjelman...","post_mailing_queue_ids":[],"_links":{"self":[{"href":"https:\/\/www.pyhajarvi-instituutti.fi\/blogi\/wp-json\/wp\/v2\/posts\/2001","targetHints":{"allow":["GET"]}}],"collection":[{"href":"https:\/\/www.pyhajarvi-instituutti.fi\/blogi\/wp-json\/wp\/v2\/posts"}],"about":[{"href":"https:\/\/www.pyhajarvi-instituutti.fi\/blogi\/wp-json\/wp\/v2\/types\/post"}],"author":[{"embeddable":true,"href":"https:\/\/www.pyhajarvi-instituutti.fi\/blogi\/wp-json\/wp\/v2\/users\/4"}],"replies":[{"embeddable":true,"href":"https:\/\/www.pyhajarvi-instituutti.fi\/blogi\/wp-json\/wp\/v2\/comments?post=2001"}],"version-history":[{"count":2,"href":"https:\/\/www.pyhajarvi-instituutti.fi\/blogi\/wp-json\/wp\/v2\/posts\/2001\/revisions"}],"predecessor-version":[{"id":2005,"href":"https:\/\/www.pyhajarvi-instituutti.fi\/blogi\/wp-json\/wp\/v2\/posts\/2001\/revisions\/2005"}],"wp:featuredmedia":[{"embeddable":true,"href":"https:\/\/www.pyhajarvi-instituutti.fi\/blogi\/wp-json\/wp\/v2\/media\/2002"}],"wp:attachment":[{"href":"https:\/\/www.pyhajarvi-instituutti.fi\/blogi\/wp-json\/wp\/v2\/media?parent=2001"}],"wp:term":[{"taxonomy":"category","embeddable":true,"href":"https:\/\/www.pyhajarvi-instituutti.fi\/blogi\/wp-json\/wp\/v2\/categories?post=2001"},{"taxonomy":"post_tag","embeddable":true,"href":"https:\/\/www.pyhajarvi-instituutti.fi\/blogi\/wp-json\/wp\/v2\/tags?post=2001"}],"curies":[{"name":"wp","href":"https:\/\/api.w.org\/{rel}","templated":true}]}}