{"id":1798,"date":"2024-12-20T13:05:47","date_gmt":"2024-12-20T11:05:47","guid":{"rendered":"https:\/\/www.pyhajarvi-instituutti.fi\/blogi\/?p=1798"},"modified":"2024-12-20T13:05:49","modified_gmt":"2024-12-20T11:05:49","slug":"rukiin-viljelemisesta","status":"publish","type":"post","link":"https:\/\/www.pyhajarvi-instituutti.fi\/blogi\/2024\/12\/20\/rukiin-viljelemisesta\/","title":{"rendered":"Rukiin viljelemisest\u00e4"},"content":{"rendered":"\n<p>Jos nykyaikainen alkutuottaja pohtii s\u00e4\u00e4ilmi\u00f6it\u00e4 ja viljelyolosuhteita, maan kasvukuntoa ja viljelykiertoa, niin on tehnyt my\u00f6s maanviljelij\u00e4 yli sata vuotta sitten.<\/p>\n\n\n\n<p>Suomessa rukiin viljelyn uskotaan alkaneen jo 500-luvulla ennen ajanlaskun alkua. Sukupolvi toisensa j\u00e4lkeen on kylv\u00e4nyt viljan siemenet maahan ja toivonut suotuisia s\u00e4it\u00e4.<\/p>\n\n\n\n<p>Lapsuudenkodista l\u00f6ytyi aarre. Oma pappani Pauli Ketola kirjoitti vuonna 1914, noin 15-vuotiaana, koulun ainevihkoon pohdintoja rukiin syyskylv\u00f6st\u00e4 ja sato-odotuksista. Hienosti mustekyn\u00e4ll\u00e4.<\/p>\n\n\n\n<figure class=\"wp-block-image size-large\"><a href=\"https:\/\/www.pyhajarvi-instituutti.fi\/blogi\/wp-content\/uploads\/2024\/12\/Kuva3.jpg\"><img fetchpriority=\"high\" decoding=\"async\" width=\"1024\" height=\"666\" src=\"https:\/\/www.pyhajarvi-instituutti.fi\/blogi\/wp-content\/uploads\/2024\/12\/Kuva3-1024x666.jpg\" alt=\"kirje\" class=\"wp-image-1797\"\/><\/a><figcaption class=\"wp-element-caption\"><em>Maan kasvukunnosta on huolehdittu my\u00f6s 1900-luvun alussa.<\/em><\/figcaption><\/figure>\n\n\n\n<p>L\u00e4pi vuosien on hy\u00f6dynnetty viimeisin tieto, parhaat menetelm\u00e4t ja ikiaikainen peritty osaaminen. Tekstin mukaan \u201dSiementen tulee olla hyvi\u00e4, joko uusia tai muuten hyvi\u00e4.\u201d Ja \u201dJos talvi tulee siten, ett\u00e4 maa ei ennen kylmety, niin oraat m\u00e4t\u00e4nev\u00e4t.\u201d<\/p>\n\n\n\n<p>Siihen aikaan Kahalankulmalla jyv\u00e4t vietiin s\u00e4keiss\u00e4 hevosk\u00e4rryill\u00e4 Panelian rivimyllyyn vesivoimalla jauhettaviksi. Mummulani katossa on edelleen orsi, jossa ruisleipi\u00e4 aikoinaan s\u00e4ilytettiin.<\/p>\n\n\n\n<p>Suotuisia s\u00e4it\u00e4 ja tuottoisaa vuotta 2025!<\/p>\n","protected":false},"excerpt":{"rendered":"<p>Jos nykyaikainen alkutuottaja pohtii s\u00e4\u00e4ilmi\u00f6it\u00e4 ja viljelyolosuhteita, maan kasvukuntoa ja viljelykiertoa, niin on tehnyt my\u00f6s maanviljelij\u00e4 yli sata vuotta sitten. Suomessa rukiin viljelyn uskotaan alkaneen&#8230;<\/p>\n","protected":false},"author":4,"featured_media":1797,"comment_status":"closed","ping_status":"closed","sticky":false,"template":"","format":"standard","meta":{"footnotes":""},"categories":[24],"tags":[],"class_list":["post-1798","post","type-post","status-publish","format-standard","has-post-thumbnail","hentry","category-elina-suonpaa"],"rttpg_featured_image_url":{"full":["https:\/\/www.pyhajarvi-instituutti.fi\/blogi\/wp-content\/uploads\/2024\/12\/Kuva3.jpg",1472,957,false],"landscape":["https:\/\/www.pyhajarvi-instituutti.fi\/blogi\/wp-content\/uploads\/2024\/12\/Kuva3.jpg",1472,957,false],"portraits":["https:\/\/www.pyhajarvi-instituutti.fi\/blogi\/wp-content\/uploads\/2024\/12\/Kuva3.jpg",1472,957,false],"thumbnail":["https:\/\/www.pyhajarvi-instituutti.fi\/blogi\/wp-content\/uploads\/2024\/12\/Kuva3-150x150.jpg",150,150,true],"medium":["https:\/\/www.pyhajarvi-instituutti.fi\/blogi\/wp-content\/uploads\/2024\/12\/Kuva3-300x195.jpg",300,195,true],"large":["https:\/\/www.pyhajarvi-instituutti.fi\/blogi\/wp-content\/uploads\/2024\/12\/Kuva3-1024x666.jpg",1024,666,true],"rpg_gallery_admin_thumb":["https:\/\/www.pyhajarvi-instituutti.fi\/blogi\/wp-content\/uploads\/2024\/12\/Kuva3-150x150.jpg",150,150,true],"rpg_gallery_thumb":["https:\/\/www.pyhajarvi-instituutti.fi\/blogi\/wp-content\/uploads\/2024\/12\/Kuva3-150x150.jpg",150,150,true],"1536x1536":["https:\/\/www.pyhajarvi-instituutti.fi\/blogi\/wp-content\/uploads\/2024\/12\/Kuva3.jpg",1472,957,false],"2048x2048":["https:\/\/www.pyhajarvi-instituutti.fi\/blogi\/wp-content\/uploads\/2024\/12\/Kuva3.jpg",1472,957,false],"archive-thumbnail":["https:\/\/www.pyhajarvi-instituutti.fi\/blogi\/wp-content\/uploads\/2024\/12\/Kuva3-470x140.jpg",470,140,true],"single-thumbnail":["https:\/\/www.pyhajarvi-instituutti.fi\/blogi\/wp-content\/uploads\/2024\/12\/Kuva3-470x260.jpg",470,260,true],"featured-thumbnail":["https:\/\/www.pyhajarvi-instituutti.fi\/blogi\/wp-content\/uploads\/2024\/12\/Kuva3-750x380.jpg",750,380,true],"slider-nav-thumbnail":["https:\/\/www.pyhajarvi-instituutti.fi\/blogi\/wp-content\/uploads\/2024\/12\/Kuva3-110x70.jpg",110,70,true]},"rttpg_author":{"display_name":"admin","author_link":"https:\/\/www.pyhajarvi-instituutti.fi\/blogi\/author\/admin\/"},"rttpg_comment":0,"rttpg_category":"<a href=\"https:\/\/www.pyhajarvi-instituutti.fi\/blogi\/category\/elina-suonpaa\/\" rel=\"category tag\">Toimistosihteeri | Elina Suonp\u00e4\u00e4<\/a>","rttpg_excerpt":"Jos nykyaikainen alkutuottaja pohtii s\u00e4\u00e4ilmi\u00f6it\u00e4 ja viljelyolosuhteita, maan kasvukuntoa ja viljelykiertoa, niin on tehnyt my\u00f6s maanviljelij\u00e4 yli sata vuotta sitten. Suomessa rukiin viljelyn uskotaan alkaneen...","post_mailing_queue_ids":[],"_links":{"self":[{"href":"https:\/\/www.pyhajarvi-instituutti.fi\/blogi\/wp-json\/wp\/v2\/posts\/1798","targetHints":{"allow":["GET"]}}],"collection":[{"href":"https:\/\/www.pyhajarvi-instituutti.fi\/blogi\/wp-json\/wp\/v2\/posts"}],"about":[{"href":"https:\/\/www.pyhajarvi-instituutti.fi\/blogi\/wp-json\/wp\/v2\/types\/post"}],"author":[{"embeddable":true,"href":"https:\/\/www.pyhajarvi-instituutti.fi\/blogi\/wp-json\/wp\/v2\/users\/4"}],"replies":[{"embeddable":true,"href":"https:\/\/www.pyhajarvi-instituutti.fi\/blogi\/wp-json\/wp\/v2\/comments?post=1798"}],"version-history":[{"count":1,"href":"https:\/\/www.pyhajarvi-instituutti.fi\/blogi\/wp-json\/wp\/v2\/posts\/1798\/revisions"}],"predecessor-version":[{"id":1799,"href":"https:\/\/www.pyhajarvi-instituutti.fi\/blogi\/wp-json\/wp\/v2\/posts\/1798\/revisions\/1799"}],"wp:featuredmedia":[{"embeddable":true,"href":"https:\/\/www.pyhajarvi-instituutti.fi\/blogi\/wp-json\/wp\/v2\/media\/1797"}],"wp:attachment":[{"href":"https:\/\/www.pyhajarvi-instituutti.fi\/blogi\/wp-json\/wp\/v2\/media?parent=1798"}],"wp:term":[{"taxonomy":"category","embeddable":true,"href":"https:\/\/www.pyhajarvi-instituutti.fi\/blogi\/wp-json\/wp\/v2\/categories?post=1798"},{"taxonomy":"post_tag","embeddable":true,"href":"https:\/\/www.pyhajarvi-instituutti.fi\/blogi\/wp-json\/wp\/v2\/tags?post=1798"}],"curies":[{"name":"wp","href":"https:\/\/api.w.org\/{rel}","templated":true}]}}