{"id":1637,"date":"2024-01-17T12:18:53","date_gmt":"2024-01-17T10:18:53","guid":{"rendered":"https:\/\/www.pyhajarvi-instituutti.fi\/blogi\/?p=1637"},"modified":"2024-01-17T12:31:40","modified_gmt":"2024-01-17T10:31:40","slug":"mita-kuuluu-pyhajarvi","status":"publish","type":"post","link":"https:\/\/www.pyhajarvi-instituutti.fi\/blogi\/2024\/01\/17\/mita-kuuluu-pyhajarvi\/","title":{"rendered":"Mit\u00e4 kuuluu Pyh\u00e4j\u00e4rvi?"},"content":{"rendered":"\n<p>Vuosi 2024 on l\u00e4htenyt liikkeelle p\u00e4\u00e4osin kirpeiss\u00e4 pakkaskeleiss\u00e4. Pyh\u00e4j\u00e4rvi lep\u00e4\u00e4 tukevan j\u00e4\u00e4kannen alla, perinteiset talviaktiviteetit liikuttavat ulkoilmastanauttijoita ja talvinuottauskausikin on jo aloitettu. Talvella monet vesist\u00f6jen prosessit ovat hitaampia, mutta kun kurkataan j\u00e4\u00e4kannen alle monenlaista eloa kuitenkin talvellakin riitt\u00e4\u00e4; siikakalojen m\u00e4timunat kypsyv\u00e4t hiljalleen pohjilla, mateet touhuavat lemmenpuuhissa, monet j\u00e4rvikalat valmistautuvat kev\u00e4\u00e4n kutusesonkiin, menneen kasvukauden eloper\u00e4inen aines hajoaa hiljalleen syv\u00e4nnealueilla, muutamat kasviplanktonlajit sinnittelev\u00e4t lyhyen p\u00e4iv\u00e4n sek\u00e4 j\u00e4\u00e4- ja lumipeitteen tuottamien valonsaannin haasteiden parissa ja hankajalkaiset talvehtivat valmistautuen kev\u00e4\u00e4ll\u00e4 tuottamaan uusia j\u00e4lkel\u00e4isi\u00e4 vesien l\u00e4mmetess\u00e4. Vaikka verkkaista vipin\u00e4\u00e4 j\u00e4rvess\u00e4 riitt\u00e4\u00e4 talvellakin, on n\u00e4in vuoden alussa kuitenkin hyv\u00e4 hetki tehd\u00e4 pieni katsaus siihen, mit\u00e4 Pyh\u00e4j\u00e4rvelle kuuluu menneen avovesikauden valossa, ja mit\u00e4 kenties voidaan odottaa tulevan vuoden osalta.<\/p>\n\n\n\n<p>Kahtena viime talvena olemme saaneet nauttia kohtalaisen pitk\u00e4st\u00e4 j\u00e4\u00e4peitteisest\u00e4 kaudesta, ja sellaiseksi voidaan jo nyt arvioida kuluvankin talven j\u00e4\u00e4peitteen muodostuvan, j\u00e4\u00e4tyih\u00e4n j\u00e4rvi jo marras-joulukuun vaihteessa ja teksti\u00e4 kirjoitettaessa j\u00e4rvess\u00e4 oli noin 30 cm j\u00e4\u00e4t\u00e4. Kev\u00e4\u00e4ll\u00e4 2023 j\u00e4\u00e4peite l\u00e4hti Pyh\u00e4j\u00e4rvest\u00e4 huhtikuun lopussa ja j\u00e4\u00e4peitteen auettua toteutetuissa siikakalojen poikaspyynneiss\u00e4 havaittiin ylemp\u00e4\u00e4 keskitasoa olevat poikastiheydet, mik\u00e4 toivottavasti lupailee hieman l\u00e4hivuosia parempaa tulevien vuosien muikkusaaliiden osalta. Kylm\u00e4 toukokuu k\u00e4\u00e4ntyi rytin\u00e4ll\u00e4 helteiseksi kes\u00e4kuuksi, ja kes\u00e4n korkeimmat veden l\u00e4mp\u00f6tilalukemat havaittiinkin jo juhannuksen aikoihin. Vedenlaatu pysyi l\u00e4pi kes\u00e4n verrattain hyv\u00e4ll\u00e4 tasolla eik\u00e4 pitk\u00e4aikaisia lev\u00e4haittoja havaittu, vaikka ajoittain s\u00e4\u00e4olosuhteet olisivat n\u00e4ille tarjonneet hyv\u00e4t kasvuolosuhteet. Kuiva ja v\u00e4h\u00e4n ravinteita j\u00e4rveen tuonut alkukes\u00e4 sek\u00e4 pitk\u00e4j\u00e4nteinen ravintoverkkokunnostus lienev\u00e4t keskeiset tekij\u00e4t t\u00e4m\u00e4n taustalla.<\/p>\n\n\n\n<p>Hein\u00e4kuussa s\u00e4iden haltijat kuitenkin k\u00e4\u00e4nsiv\u00e4t vivut uusiin asetuksiin ja loppuvuosi menikin hyvin sateisissa merkeiss\u00e4. Ilmatieteenlaitoksen Yl\u00e4neen havaintoaseman mukaan hein\u00e4\u2013joulukuun sadesumma oli 497 mm. Vertailuna Pyh\u00e4j\u00e4rviseudun vuosittainen sadem\u00e4\u00e4r\u00e4 on tyypillisesti 600\u2013650 mm, joten vuoden j\u00e4lkimm\u00e4isell\u00e4 puoliskolla satoi miltei yht\u00e4 paljon kuin tyypillisesti koko vuotena. Syksyiset sateet ja tulvavirtaamat toivat j\u00e4rveen runsaasti ravinteita ja saivat my\u00f6s vedenpinnan kohoamaan loppuvuodesta l\u00e4helle s\u00e4\u00e4nn\u00f6stelyn yl\u00e4rajaa. Runsas kuormitus ei kuitenkaan ehtinyt merkitt\u00e4v\u00e4sti vaikuttaa avovesikauden lev\u00e4runsauteen, vaan t\u00e4t\u00e4 indikoivan klorofylli-a:n pitoisuudet pysyiv\u00e4t p\u00e4\u00e4osin hyv\u00e4ll\u00e4 tasolla. Maltillisesta kasviplanktonlevien runsaudesta johtuen vesi oli kes\u00e4ll\u00e4 kohtalaisen kirkasta tarjoten hyv\u00e4t kasvuolosuhteet rihmamaisille p\u00e4\u00e4llysleville, joita paikoin havaittiinkin j\u00e4rvess\u00e4 melko runsaana.<\/p>\n\n\n\n<figure class=\"wp-block-image size-large\"><a href=\"https:\/\/www.pyhajarvi-instituutti.fi\/blogi\/wp-content\/uploads\/2024\/01\/Tarkka_Pyhajarvi_lokakuu_2023.png\"><img fetchpriority=\"high\" decoding=\"async\" width=\"1024\" height=\"695\" src=\"https:\/\/www.pyhajarvi-instituutti.fi\/blogi\/wp-content\/uploads\/2024\/01\/Tarkka_Pyhajarvi_lokakuu_2023-1024x695.png\" alt=\"satelliittikuvat\" class=\"wp-image-1636\"\/><\/a><figcaption class=\"wp-element-caption\">Satelliitit tarjoavat oivan ty\u00f6kalun vesist\u00f6jen tarkkailuun. Lokakuussa Tarkka+ palvelussa n\u00e4kyiv\u00e4t syyssateiden vaikutukset Pyh\u00e4j\u00e4rvess\u00e4. (Vasemmanpuoleinen kuva 9.10.2023 ja oikeanpuoleinen 11 p\u00e4iv\u00e4\u00e4 my\u00f6hemmin).<\/figcaption><\/figure>\n\n\n\n<p>Runsaiden syyssateiden vaikutukset kuitenkin paljastuvat Tarkka-satelliittipalvelusta lokakuussa ladatuissa kuvissa, joissa mittava kiintoainekuormitus sek\u00e4 loppusyksyinen lev\u00e4biomassa py\u00f6rteilev\u00e4t Pyh\u00e4j\u00e4rvess\u00e4. Kymmenen p\u00e4iv\u00e4\u00e4 my\u00f6hemmin vesi kuitenkin oli selkiytynyt merkitt\u00e4v\u00e4sti, ja valuma-alueelta huuhtoutunut kiintoaines laskeutunut pohjien ravinnevarastoa t\u00e4ydent\u00e4m\u00e4\u00e4n. J\u00e4rven onneksi t\u00e4ss\u00e4 kohtaa kasvukausi oli jo loppumaisillaan, joten ravinteet eiv\u00e4t siirtyneet suoraan levien kasvua ruokkimaan. Syksyn ravinnekuormitus voi kuitenkin n\u00e4ky\u00e4 tulevalla avovesikaudella, mik\u00e4li j\u00e4\u00e4peitteinen kausi venyy pitk\u00e4ksi saaden aikaan ravinteiden liukenemista hapettomissa oloissa tai kev\u00e4\u00e4ll\u00e4 myrskyt p\u00f6llytt\u00e4v\u00e4t pohjien ravinnevarastot k\u00e4ytt\u00f6\u00f6n.<\/p>\n\n\n\n<p>Otsikon kysymykseen palatakseni, seuranta-aineistojen ja omien kokemuksieni perusteella Pyh\u00e4j\u00e4rvelle kuuluu mittavien ymp\u00e4rist\u00f6paineiden keskell\u00e4 verrattain hyv\u00e4\u00e4. Pyh\u00e4j\u00e4rven suojeluohjelman monipuoliset hankkeet tekev\u00e4t ty\u00f6t\u00e4 ulkoisen ravinnekuormituksen hillitsemiseksi, ravintoverkkokunnostuksen jatkuvuus tulevana vuotena on turvattu ja HELMI-ymp\u00e4rist\u00f6ohjelman monimuotoisuuskunnostukset jatkuvat Em\u00e4karin ja Iissalon arvokkailla saarialueilla ensi syksyn\u00e4. Nyt on kuitenkin oikea hetki nauttia kunnon talvesta pilkkien, hiiht\u00e4en, lumikenk\u00e4illen tai muuten vain j\u00e4rvell\u00e4 samoillen. Ennen kuin huomaammekaan kev\u00e4taurinko jo sulattaa rantoja, luonto her\u00e4\u00e4, lintujen viserrys ja laineiden liplatus kaikuu korvissamme. L\u00e4mp\u00f6 ja valo saapuvat my\u00f6s t\u00e4nne pohjolan perukoille aloittaen uuden kasvukauden. Hyv\u00e4\u00e4 kuluvaa vuotta kaikille Pyh\u00e4j\u00e4rven yst\u00e4ville!<\/p>\n\n\n\n<p><em>Teksti on osa kuukausittain ilmestyv\u00e4\u00e4 Pyh\u00e4j\u00e4rven puolesta -juttusarjaa, jota on julkaistu Auranmaan Viikkolehdess\u00e4 ja Alasatakunta-lehdess\u00e4 jo vuodesta 1995. Vuodesta 2015 jutut l\u00f6ytyv\u00e4t Puhdas vesi, paremmat ev\u00e4(\u00e4)t -blogista. Juttusarjan vanhimmat jutut on luettavissa Pyh\u00e4j\u00e4rven suojeluohjelman sivuilta\u00a0<a rel=\"noreferrer noopener\" href=\"https:\/\/www.pyhajarvensuojelu.net\/julkaisut\/\" target=\"_blank\">t\u00e4\u00e4lt\u00e4<\/a>.<\/em><\/p>\n","protected":false},"excerpt":{"rendered":"<p>Vuosi 2024 on l\u00e4htenyt liikkeelle p\u00e4\u00e4osin kirpeiss\u00e4 pakkaskeleiss\u00e4. Pyh\u00e4j\u00e4rvi lep\u00e4\u00e4 tukevan j\u00e4\u00e4kannen alla, perinteiset talviaktiviteetit liikuttavat ulkoilmastanauttijoita ja talvinuottauskausikin on jo aloitettu. Talvella monet vesist\u00f6jen&#8230;<\/p>\n","protected":false},"author":4,"featured_media":1638,"comment_status":"closed","ping_status":"closed","sticky":false,"template":"","format":"standard","meta":{"footnotes":""},"categories":[90],"tags":[33,26,34,40,193,380],"class_list":["post-1637","post","type-post","status-publish","format-standard","has-post-thumbnail","hentry","category-harjoittelija-lauri-anttila","tag-pyhajarven-puolesta","tag-pyhajarven-suojelu","tag-pyhajarven-suojeluohjelma","tag-pyhajarvi","tag-valuma-aluetyo","tag-vedenlaatu"],"rttpg_featured_image_url":{"full":["https:\/\/www.pyhajarvi-instituutti.fi\/blogi\/wp-content\/uploads\/2024\/01\/20230621_121759-scaled.jpg",2560,1440,false],"landscape":["https:\/\/www.pyhajarvi-instituutti.fi\/blogi\/wp-content\/uploads\/2024\/01\/20230621_121759-scaled.jpg",2560,1440,false],"portraits":["https:\/\/www.pyhajarvi-instituutti.fi\/blogi\/wp-content\/uploads\/2024\/01\/20230621_121759-scaled.jpg",2560,1440,false],"thumbnail":["https:\/\/www.pyhajarvi-instituutti.fi\/blogi\/wp-content\/uploads\/2024\/01\/20230621_121759-150x150.jpg",150,150,true],"medium":["https:\/\/www.pyhajarvi-instituutti.fi\/blogi\/wp-content\/uploads\/2024\/01\/20230621_121759-300x169.jpg",300,169,true],"large":["https:\/\/www.pyhajarvi-instituutti.fi\/blogi\/wp-content\/uploads\/2024\/01\/20230621_121759-1024x576.jpg",1024,576,true],"rpg_gallery_admin_thumb":["https:\/\/www.pyhajarvi-instituutti.fi\/blogi\/wp-content\/uploads\/2024\/01\/20230621_121759-150x150.jpg",150,150,true],"rpg_gallery_thumb":["https:\/\/www.pyhajarvi-instituutti.fi\/blogi\/wp-content\/uploads\/2024\/01\/20230621_121759-150x150.jpg",150,150,true],"1536x1536":["https:\/\/www.pyhajarvi-instituutti.fi\/blogi\/wp-content\/uploads\/2024\/01\/20230621_121759-1536x864.jpg",1536,864,true],"2048x2048":["https:\/\/www.pyhajarvi-instituutti.fi\/blogi\/wp-content\/uploads\/2024\/01\/20230621_121759-2048x1152.jpg",2048,1152,true],"archive-thumbnail":["https:\/\/www.pyhajarvi-instituutti.fi\/blogi\/wp-content\/uploads\/2024\/01\/20230621_121759-470x140.jpg",470,140,true],"single-thumbnail":["https:\/\/www.pyhajarvi-instituutti.fi\/blogi\/wp-content\/uploads\/2024\/01\/20230621_121759-470x260.jpg",470,260,true],"featured-thumbnail":["https:\/\/www.pyhajarvi-instituutti.fi\/blogi\/wp-content\/uploads\/2024\/01\/20230621_121759-750x380.jpg",750,380,true],"slider-nav-thumbnail":["https:\/\/www.pyhajarvi-instituutti.fi\/blogi\/wp-content\/uploads\/2024\/01\/20230621_121759-110x70.jpg",110,70,true]},"rttpg_author":{"display_name":"admin","author_link":"https:\/\/www.pyhajarvi-instituutti.fi\/blogi\/author\/admin\/"},"rttpg_comment":0,"rttpg_category":"<a href=\"https:\/\/www.pyhajarvi-instituutti.fi\/blogi\/category\/harjoittelija-lauri-anttila\/\" rel=\"category tag\">Asiantuntija | Lauri Anttila<\/a>","rttpg_excerpt":"Vuosi 2024 on l\u00e4htenyt liikkeelle p\u00e4\u00e4osin kirpeiss\u00e4 pakkaskeleiss\u00e4. Pyh\u00e4j\u00e4rvi lep\u00e4\u00e4 tukevan j\u00e4\u00e4kannen alla, perinteiset talviaktiviteetit liikuttavat ulkoilmastanauttijoita ja talvinuottauskausikin on jo aloitettu. Talvella monet vesist\u00f6jen...","post_mailing_queue_ids":[],"_links":{"self":[{"href":"https:\/\/www.pyhajarvi-instituutti.fi\/blogi\/wp-json\/wp\/v2\/posts\/1637","targetHints":{"allow":["GET"]}}],"collection":[{"href":"https:\/\/www.pyhajarvi-instituutti.fi\/blogi\/wp-json\/wp\/v2\/posts"}],"about":[{"href":"https:\/\/www.pyhajarvi-instituutti.fi\/blogi\/wp-json\/wp\/v2\/types\/post"}],"author":[{"embeddable":true,"href":"https:\/\/www.pyhajarvi-instituutti.fi\/blogi\/wp-json\/wp\/v2\/users\/4"}],"replies":[{"embeddable":true,"href":"https:\/\/www.pyhajarvi-instituutti.fi\/blogi\/wp-json\/wp\/v2\/comments?post=1637"}],"version-history":[{"count":4,"href":"https:\/\/www.pyhajarvi-instituutti.fi\/blogi\/wp-json\/wp\/v2\/posts\/1637\/revisions"}],"predecessor-version":[{"id":1642,"href":"https:\/\/www.pyhajarvi-instituutti.fi\/blogi\/wp-json\/wp\/v2\/posts\/1637\/revisions\/1642"}],"wp:featuredmedia":[{"embeddable":true,"href":"https:\/\/www.pyhajarvi-instituutti.fi\/blogi\/wp-json\/wp\/v2\/media\/1638"}],"wp:attachment":[{"href":"https:\/\/www.pyhajarvi-instituutti.fi\/blogi\/wp-json\/wp\/v2\/media?parent=1637"}],"wp:term":[{"taxonomy":"category","embeddable":true,"href":"https:\/\/www.pyhajarvi-instituutti.fi\/blogi\/wp-json\/wp\/v2\/categories?post=1637"},{"taxonomy":"post_tag","embeddable":true,"href":"https:\/\/www.pyhajarvi-instituutti.fi\/blogi\/wp-json\/wp\/v2\/tags?post=1637"}],"curies":[{"name":"wp","href":"https:\/\/api.w.org\/{rel}","templated":true}]}}