{"id":1566,"date":"2023-06-16T15:27:55","date_gmt":"2023-06-16T12:27:55","guid":{"rendered":"https:\/\/www.pyhajarvi-instituutti.fi\/blogi\/?p=1566"},"modified":"2023-06-16T15:31:28","modified_gmt":"2023-06-16T12:31:28","slug":"vuosi-uusissa-tiloissa","status":"publish","type":"post","link":"https:\/\/www.pyhajarvi-instituutti.fi\/blogi\/2023\/06\/16\/vuosi-uusissa-tiloissa\/","title":{"rendered":"Vuosi uusissa tiloissa"},"content":{"rendered":"\n<p>Viime vuonna t\u00e4h\u00e4n aikaan olimme Pyh\u00e4j\u00e4rvi-instituutissa kovaa vauhtia kotiutumassa uusiin tiloihin. Kev\u00e4t oli mennyt aikamoisen hulinan keskell\u00e4. Paitsi, ett\u00e4 kev\u00e4t on kiireist\u00e4 aikaa monen hankkeen toimenpiteiden osalta, oli ty\u00f6ntekoa nyt maustamassa muutto uusiin tiloihin. Kolmenkymmenen vuoden kerrosten l\u00e4pik\u00e4yminen ja pakkaaminen, uusien tilojen sisustaminen ja ihmisten sovittaminen ty\u00f6tiloihin oli ponnistus, jota juhlistettiin syyskuussa avoimien ovien p\u00e4iv\u00e4ss\u00e4. Viel\u00e4kin muutossa mukaan l\u00e4hti varmasti sellaisia laatikoita, joita emme ikin\u00e4 tule avaamaan, mutta paljon materiaalia saatiin my\u00f6s kierr\u00e4tetty\u00e4 ja poistettua nurkista. Suursiivous on joskus hyv\u00e4ksi.<\/p>\n\n\n\n<p>Toisaalta &#8211; minulla on edelleen hukassa se t\u00e4rke\u00e4 tyhj\u00e4 pahvilaatikko, mink\u00e4 varmasti muutin kaiken mukana. Ehk\u00e4 sen joku l\u00f6ysi ja poisti tavaroita j\u00e4rjestelless\u00e4\u00e4n. Senkin puutteesta selvisin \u2013 pahvilaatikoita tuntuu aina l\u00f6ytyv\u00e4n.<\/p>\n\n\n\n<h3 class=\"wp-block-heading\">Ja kaikki meni ihan hyvin\u2026<\/h3>\n\n\n\n<p>Korona-aika toi muutoksia monessakin ty\u00f6paikassa et\u00e4ty\u00f6n lis\u00e4\u00e4ntymisen\u00e4. Niin k\u00e4vi my\u00f6s Pyh\u00e4j\u00e4rvi-instituutissa. Asiantuntijaty\u00f6st\u00e4 iso osa onnistuu kotitoimistolta ja toinen iso osa kent\u00e4lt\u00e4. Pahimpien rajoitusten aikana ojien varsilla oli hyvinkin eristyksiss\u00e4, vaikkei kotona ollutkaan. Ehk\u00e4 siit\u00e4kin syyst\u00e4 muutto sattui hyv\u00e4\u00e4n saumaan, kun ty\u00f6kulttuuri oli muuttunut toimistoty\u00f6st\u00e4 liikkuvammaksi. N\u00e4in ollen luopumista ja henkist\u00e4 valmistautumista tutuista tiloista l\u00e4htemisest\u00e4 oli tehty jo parin vuoden ajan.<\/p>\n\n\n\n<p>Uusissa tiloissa parasta ovat olleet suuret varastotilat ja labratilat n\u00e4ytteiden esik\u00e4sittely\u00e4 ja laitteiston huoltoa varten. Varastossa on ollut kuivumassa milloin messuteltta, raivausnuotta ja linssikokeen linssit. Suureen tilaan on voitu rakentaa messutilaa ja toiminnan esittely\u00e4 avoimia ovia ja yhteisty\u00f6tilaisuuksia varten, pakettiauton pakkaaminen onnistuu sateelta suojassa ja labrassa on niin paljon tyhji\u00e4 kaappeja, ett\u00e4 viel\u00e4kin sielt\u00e4 l\u00f6ytyy tarvittaessa tyhj\u00e4 hylly. Tiloista l\u00f6ytyv\u00e4t kunnon sosiaalitilat \u2013 kaikkia maastokamoja ei tarvitse s\u00e4il\u00f6\u00e4 autossa, vaan k\u00e4ytett\u00e4viss\u00e4 on pukukaappeja. Toimistotilat ovat valoisat, ilmal\u00e4mp\u00f6pumput tekev\u00e4t kes\u00e4aikaankin ty\u00f6tiloista viile\u00e4t ja pikkuhiljaa kaikki tavarat ovat l\u00f6yt\u00e4neet paikkansa.<\/p>\n\n\n\n<p>Perjantaisin pyrimme kokoontumaan kaikki toimistolle, jotta ty\u00f6 ei ihan menisi teamsin taakse. Silloin hetkellisesti toimisto tuntuu t\u00e4ydelt\u00e4, k\u00e4yd\u00e4\u00e4n yhdess\u00e4 lounaalla ja kerrataan viikon kohokohdat. Vuoden aikana tilat ovat vaihtuneet, uusia ty\u00f6kavereita on tullut t\u00f6ihin, mutta perusasiat toiminnassamme ovat pysyneet samoina. Kaikki meni ihan hyvin.<\/p>\n","protected":false},"excerpt":{"rendered":"<p>Viime vuonna t\u00e4h\u00e4n aikaan olimme Pyh\u00e4j\u00e4rvi-instituutissa kovaa vauhtia kotiutumassa uusiin tiloihin. Kev\u00e4t oli mennyt aikamoisen hulinan keskell\u00e4. Paitsi, ett\u00e4 kev\u00e4t on kiireist\u00e4 aikaa monen hankkeen&#8230;<\/p>\n","protected":false},"author":4,"featured_media":1565,"comment_status":"closed","ping_status":"closed","sticky":false,"template":"","format":"standard","meta":{"footnotes":""},"categories":[5],"tags":[],"class_list":["post-1566","post","type-post","status-publish","format-standard","has-post-thumbnail","hentry","category-henna-ryoma"],"rttpg_featured_image_url":{"full":["https:\/\/www.pyhajarvi-instituutti.fi\/blogi\/wp-content\/uploads\/2023\/06\/IMG_3804-scaled-e1686918299581.jpg",2329,1414,false],"landscape":["https:\/\/www.pyhajarvi-instituutti.fi\/blogi\/wp-content\/uploads\/2023\/06\/IMG_3804-scaled-e1686918299581.jpg",2329,1414,false],"portraits":["https:\/\/www.pyhajarvi-instituutti.fi\/blogi\/wp-content\/uploads\/2023\/06\/IMG_3804-scaled-e1686918299581.jpg",2329,1414,false],"thumbnail":["https:\/\/www.pyhajarvi-instituutti.fi\/blogi\/wp-content\/uploads\/2023\/06\/IMG_3804-scaled-e1686918299581-150x150.jpg",150,150,true],"medium":["https:\/\/www.pyhajarvi-instituutti.fi\/blogi\/wp-content\/uploads\/2023\/06\/IMG_3804-scaled-e1686918299581-300x182.jpg",300,182,true],"large":["https:\/\/www.pyhajarvi-instituutti.fi\/blogi\/wp-content\/uploads\/2023\/06\/IMG_3804-scaled-e1686918299581-1024x622.jpg",1024,622,true],"rpg_gallery_admin_thumb":["https:\/\/www.pyhajarvi-instituutti.fi\/blogi\/wp-content\/uploads\/2023\/06\/IMG_3804-scaled-e1686918299581-150x150.jpg",150,150,true],"rpg_gallery_thumb":["https:\/\/www.pyhajarvi-instituutti.fi\/blogi\/wp-content\/uploads\/2023\/06\/IMG_3804-scaled-e1686918299581-150x150.jpg",150,150,true],"1536x1536":["https:\/\/www.pyhajarvi-instituutti.fi\/blogi\/wp-content\/uploads\/2023\/06\/IMG_3804-scaled-e1686918299581-1536x933.jpg",1536,933,true],"2048x2048":["https:\/\/www.pyhajarvi-instituutti.fi\/blogi\/wp-content\/uploads\/2023\/06\/IMG_3804-scaled-e1686918299581-2048x1243.jpg",2048,1243,true],"archive-thumbnail":["https:\/\/www.pyhajarvi-instituutti.fi\/blogi\/wp-content\/uploads\/2023\/06\/IMG_3804-scaled-e1686918299581-470x140.jpg",470,140,true],"single-thumbnail":["https:\/\/www.pyhajarvi-instituutti.fi\/blogi\/wp-content\/uploads\/2023\/06\/IMG_3804-scaled-e1686918299581-470x260.jpg",470,260,true],"featured-thumbnail":["https:\/\/www.pyhajarvi-instituutti.fi\/blogi\/wp-content\/uploads\/2023\/06\/IMG_3804-scaled-e1686918299581-750x380.jpg",750,380,true],"slider-nav-thumbnail":["https:\/\/www.pyhajarvi-instituutti.fi\/blogi\/wp-content\/uploads\/2023\/06\/IMG_3804-scaled-e1686918299581-110x70.jpg",110,70,true]},"rttpg_author":{"display_name":"admin","author_link":"https:\/\/www.pyhajarvi-instituutti.fi\/blogi\/author\/admin\/"},"rttpg_comment":0,"rttpg_category":"<a href=\"https:\/\/www.pyhajarvi-instituutti.fi\/blogi\/category\/henna-ryoma\/\" rel=\"category tag\">Asiantuntija | Henna Ry\u00f6m\u00e4<\/a>","rttpg_excerpt":"Viime vuonna t\u00e4h\u00e4n aikaan olimme Pyh\u00e4j\u00e4rvi-instituutissa kovaa vauhtia kotiutumassa uusiin tiloihin. Kev\u00e4t oli mennyt aikamoisen hulinan keskell\u00e4. Paitsi, ett\u00e4 kev\u00e4t on kiireist\u00e4 aikaa monen hankkeen...","post_mailing_queue_ids":[],"_links":{"self":[{"href":"https:\/\/www.pyhajarvi-instituutti.fi\/blogi\/wp-json\/wp\/v2\/posts\/1566","targetHints":{"allow":["GET"]}}],"collection":[{"href":"https:\/\/www.pyhajarvi-instituutti.fi\/blogi\/wp-json\/wp\/v2\/posts"}],"about":[{"href":"https:\/\/www.pyhajarvi-instituutti.fi\/blogi\/wp-json\/wp\/v2\/types\/post"}],"author":[{"embeddable":true,"href":"https:\/\/www.pyhajarvi-instituutti.fi\/blogi\/wp-json\/wp\/v2\/users\/4"}],"replies":[{"embeddable":true,"href":"https:\/\/www.pyhajarvi-instituutti.fi\/blogi\/wp-json\/wp\/v2\/comments?post=1566"}],"version-history":[{"count":2,"href":"https:\/\/www.pyhajarvi-instituutti.fi\/blogi\/wp-json\/wp\/v2\/posts\/1566\/revisions"}],"predecessor-version":[{"id":1568,"href":"https:\/\/www.pyhajarvi-instituutti.fi\/blogi\/wp-json\/wp\/v2\/posts\/1566\/revisions\/1568"}],"wp:featuredmedia":[{"embeddable":true,"href":"https:\/\/www.pyhajarvi-instituutti.fi\/blogi\/wp-json\/wp\/v2\/media\/1565"}],"wp:attachment":[{"href":"https:\/\/www.pyhajarvi-instituutti.fi\/blogi\/wp-json\/wp\/v2\/media?parent=1566"}],"wp:term":[{"taxonomy":"category","embeddable":true,"href":"https:\/\/www.pyhajarvi-instituutti.fi\/blogi\/wp-json\/wp\/v2\/categories?post=1566"},{"taxonomy":"post_tag","embeddable":true,"href":"https:\/\/www.pyhajarvi-instituutti.fi\/blogi\/wp-json\/wp\/v2\/tags?post=1566"}],"curies":[{"name":"wp","href":"https:\/\/api.w.org\/{rel}","templated":true}]}}