{"id":1481,"date":"2023-03-10T12:22:34","date_gmt":"2023-03-10T10:22:34","guid":{"rendered":"https:\/\/www.pyhajarvi-instituutti.fi\/blogi\/?p=1481"},"modified":"2023-03-10T12:29:27","modified_gmt":"2023-03-10T10:29:27","slug":"virkisty-talvisella-jarvella","status":"publish","type":"post","link":"https:\/\/www.pyhajarvi-instituutti.fi\/blogi\/2023\/03\/10\/virkisty-talvisella-jarvella\/","title":{"rendered":"Virkisty talvisella j\u00e4rvell\u00e4"},"content":{"rendered":"\n<p>Usein, kun puhutaan j\u00e4rven virkistysk\u00e4yt\u00f6st\u00e4, ajatus siirtyy kes\u00e4iseen maisemaan, korva kuulee jo laineen liplatuksen ja muistin sopukoissa varpaat ovat j\u00e4rven l\u00e4mpim\u00e4ss\u00e4 rantavedess\u00e4. Kaukaa kuuluu veneen \u00e4\u00e4ni \u2013 joku aikainen her\u00e4\u00e4j\u00e4 on l\u00e4htenyt kalaan. Lokit kaartelevat kes\u00e4isell\u00e4 taivaalla.<\/p>\n\n\n\n<p>Maaliskuisessa maisemassa j\u00e4rven virkistysk\u00e4ytt\u00f6 on jotain muuta. Se on hiiht\u00e4mist\u00e4 rannan my\u00f6t\u00e4isesti ajetuilla laduilla, talvisesta auringosta nauttimista, makkaran paistoa laavulla ja kuumaa mehua. Se on luistelua ja kelkkailua, kun lumitilanne antaa my\u00f6ten. Se on leijalautailua sopivalla tuulella, pilkkikisoja ja tammikuisia madepilkkiretki\u00e4. Talvinen virkistysk\u00e4ytt\u00f6 on fatbikeretki\u00e4, k\u00e4velyretki\u00e4 muuttuvassa maisemassa ja railojen ihmettely\u00e4. Talvinen \u00e4\u00e4nimaisema tuo oman leimansa talvesta virkist\u00e4ytymiseen &#8211; se pit\u00e4\u00e4 sis\u00e4ll\u00e4\u00e4n lumen narskuntaa, tuulen suhinaa ja j\u00e4\u00e4n salaper\u00e4isi\u00e4 murahduksia ja ulvahduksia.<\/p>\n\n\n\n<figure class=\"wp-block-image size-large\"><a href=\"https:\/\/www.pyhajarvi-instituutti.fi\/blogi\/wp-content\/uploads\/2023\/03\/IMG_2173-scaled.jpg\"><img fetchpriority=\"high\" decoding=\"async\" width=\"1024\" height=\"768\" src=\"https:\/\/www.pyhajarvi-instituutti.fi\/blogi\/wp-content\/uploads\/2023\/03\/IMG_2173-1024x768.jpg\" alt=\"Pyh\u00e4j\u00e4rven talvik\u00e4ytt\u00f6\u00e4\" class=\"wp-image-1478\"\/><\/a><\/figure>\n\n\n\n<p>Vuodet eiv\u00e4t ole kesken\u00e4\u00e4n samanlaisia. Viime talvena j\u00e4\u00e4t\u00e4 riitti ja sen muodostumiseen olosuhteet olivat optimaaliset. Pakkaskausi alkoi varhain ja lumipeite ei haitannut j\u00e4\u00e4n paksuuntumista. T\u00e4m\u00e4n talven olosuhteet olivat kovin erilaiset ja meni pitk\u00e4lle ennen kuin kantavampi j\u00e4\u00e4kansi oli muodostunut. Muistissa on viel\u00e4 my\u00f6s vuosi 2020, jolloin riitt\u00e4v\u00e4n vahvaa j\u00e4\u00e4t\u00e4 j\u00e4\u00e4ll\u00e4 liikkumiseen ei muodostunut.<\/p>\n\n\n\n<p>J\u00e4\u00e4peitteinen aika on j\u00e4rven toiminnalle t\u00e4rke\u00e4\u00e4. Valuma-alueella maa, ojat ja joet j\u00e4\u00e4tyv\u00e4t ja talviset sateet satavat lumena. Kasvipeitteett\u00f6m\u00e4n\u00e4 aikana ojien ja jokien kautta tuleva kiintoaine- ja ravinnekuormitus saattaa olla talviaikaan moninkertainen, mik\u00e4li j\u00e4\u00e4peitteisyytt\u00e4 ei muodostu ja leudot sateet satavat veten\u00e4. Kev\u00e4\u00e4ll\u00e4 kev\u00e4ttulvia normaalisti syntyy sateen ja lumen sulamisen vuoksi ja ravinteita ja kiintoainetta p\u00e4\u00e4tyy t\u00e4ll\u00f6in veden mukana j\u00e4rviin. Lumen sulaminen on kuitenkin vesisateita hitaampaa, osa lumesta haihtuu ja vett\u00e4 pid\u00e4ttyy paremmin valuma-alueelle. J\u00e4rvess\u00e4 j\u00e4\u00e4n alla veden liike rauhoittuu ja veteen syntyy l\u00e4mp\u00f6tilakerrostuneisuutta. Veden seisoessa j\u00e4\u00e4kannen alla paikoillaan vedess\u00e4 olevat hiukkaset laskeutuvat pohjaan &#8211; j\u00e4rvi lep\u00e4\u00e4.<\/p>\n\n\n\n<figure class=\"wp-block-image size-large\"><a href=\"https:\/\/www.pyhajarvi-instituutti.fi\/blogi\/wp-content\/uploads\/2023\/03\/5CCCCF7E-684F-472A-91E7-8981DB1DCD1B.jpg\"><img decoding=\"async\" width=\"576\" height=\"1024\" src=\"https:\/\/www.pyhajarvi-instituutti.fi\/blogi\/wp-content\/uploads\/2023\/03\/5CCCCF7E-684F-472A-91E7-8981DB1DCD1B-576x1024.jpg\" alt=\"Hiihtokuva\" class=\"wp-image-1480\"\/><\/a><\/figure>\n\n\n\n<p>Palataan kuitenkin viel\u00e4 j\u00e4\u00e4n pinnalle. Kylm\u00e4\u00e4n veteen &#8211; avantoon ja saunaan. Endorfiinien ja mielenrauhan \u00e4\u00e4relle. Hiihtolenkin j\u00e4lkeen saunan l\u00e4mm\u00f6ss\u00e4 ja avannon reunalla maalliset murheet unohtuvat, mieli lep\u00e4\u00e4 ja virkist\u00e4ytyminen on kokonaisvaltaista. On ollut hienoa huomata kuntien tiedotusta seuratessani, ett\u00e4 my\u00f6s talviliikunta ja j\u00e4rvien talviaikaiset virkistysk\u00e4ytt\u00f6mahdollisuudet on nostettu vahvasti esille kuntien markkinoinnissa. Pyh\u00e4j\u00e4rvi tunnetaan alueemme ulkopuolella varmasti kalastusmahdollisuuksistaan ja vire\u00e4st\u00e4 vapaa-ajan asutuksesta, toriel\u00e4m\u00e4st\u00e4 ja merellisest\u00e4 maisemasta. Hyvin yll\u00e4pidetyt talviaikaiset hiihtoreitit tuovat hiihtokansan liikkumaan harjumaisemista v\u00e4lill\u00e4 my\u00f6s j\u00e4\u00e4lle, avantouintiyhteis\u00f6t houkuttelevat uusia harrastajia talviuinnin pariin ja sosiaalisen median kautta v\u00e4littyv\u00e4t luontoretkeilij\u00f6iden ja luonnossa virkistyjien kuvat talvisesta ihmemaasta. Suunnataan siis ulos ja j\u00e4rvelle. Kukin sen toiminnan pariin, mist\u00e4 virkist\u00e4ydymme. Oli virkist\u00e4ytyminen sitten p\u00e4\u00e4m\u00e4\u00e4r\u00e4t\u00f6nt\u00e4 kuljeskelua, luonnon tarkkailua, kylm\u00e4st\u00e4 vedest\u00e4 nautiskelua tai tavoitteellista liikkumista. Talvisesta j\u00e4rvest\u00e4 on moneksi.<\/p>\n\n\n\n<p><em>Teksti on osa kuukausittain ilmestyv\u00e4\u00e4 Pyh\u00e4j\u00e4rven puolesta -juttusarjaa, jota on julkaistu Auranmaan Viikkolehdess\u00e4 ja Alasatakunta-lehdess\u00e4 jo vuodesta 1995. Juttusarjan vanhemmat jutut on luettavissa Pyh\u00e4j\u00e4rven suojeluohjelman sivuilta\u00a0<a rel=\"noreferrer noopener\" href=\"http:\/\/www.pyhajarvensuojelu.net\/default10.asp?active_page_id=155\" target=\"_blank\">t\u00e4\u00e4lt\u00e4<\/a>.<\/em><\/p>\n","protected":false},"excerpt":{"rendered":"<p>Usein, kun puhutaan j\u00e4rven virkistysk\u00e4yt\u00f6st\u00e4, ajatus siirtyy kes\u00e4iseen maisemaan, korva kuulee jo laineen liplatuksen ja muistin sopukoissa varpaat ovat j\u00e4rven l\u00e4mpim\u00e4ss\u00e4 rantavedess\u00e4. Kaukaa kuuluu veneen&#8230;<\/p>\n","protected":false},"author":4,"featured_media":1479,"comment_status":"closed","ping_status":"closed","sticky":false,"template":"","format":"standard","meta":{"footnotes":""},"categories":[5],"tags":[33,34,103],"class_list":["post-1481","post","type-post","status-publish","format-standard","has-post-thumbnail","hentry","category-henna-ryoma","tag-pyhajarven-puolesta","tag-pyhajarven-suojeluohjelma","tag-virkistyskaytto"],"rttpg_featured_image_url":{"full":["https:\/\/www.pyhajarvi-instituutti.fi\/blogi\/wp-content\/uploads\/2023\/03\/IMG_2163-scaled.jpg",2560,1920,false],"landscape":["https:\/\/www.pyhajarvi-instituutti.fi\/blogi\/wp-content\/uploads\/2023\/03\/IMG_2163-scaled.jpg",2560,1920,false],"portraits":["https:\/\/www.pyhajarvi-instituutti.fi\/blogi\/wp-content\/uploads\/2023\/03\/IMG_2163-scaled.jpg",2560,1920,false],"thumbnail":["https:\/\/www.pyhajarvi-instituutti.fi\/blogi\/wp-content\/uploads\/2023\/03\/IMG_2163-150x150.jpg",150,150,true],"medium":["https:\/\/www.pyhajarvi-instituutti.fi\/blogi\/wp-content\/uploads\/2023\/03\/IMG_2163-300x225.jpg",300,225,true],"large":["https:\/\/www.pyhajarvi-instituutti.fi\/blogi\/wp-content\/uploads\/2023\/03\/IMG_2163-1024x768.jpg",1024,768,true],"rpg_gallery_admin_thumb":["https:\/\/www.pyhajarvi-instituutti.fi\/blogi\/wp-content\/uploads\/2023\/03\/IMG_2163-150x150.jpg",150,150,true],"rpg_gallery_thumb":["https:\/\/www.pyhajarvi-instituutti.fi\/blogi\/wp-content\/uploads\/2023\/03\/IMG_2163-150x150.jpg",150,150,true],"1536x1536":["https:\/\/www.pyhajarvi-instituutti.fi\/blogi\/wp-content\/uploads\/2023\/03\/IMG_2163-1536x1152.jpg",1536,1152,true],"2048x2048":["https:\/\/www.pyhajarvi-instituutti.fi\/blogi\/wp-content\/uploads\/2023\/03\/IMG_2163-2048x1536.jpg",2048,1536,true],"archive-thumbnail":["https:\/\/www.pyhajarvi-instituutti.fi\/blogi\/wp-content\/uploads\/2023\/03\/IMG_2163-470x140.jpg",470,140,true],"single-thumbnail":["https:\/\/www.pyhajarvi-instituutti.fi\/blogi\/wp-content\/uploads\/2023\/03\/IMG_2163-470x260.jpg",470,260,true],"featured-thumbnail":["https:\/\/www.pyhajarvi-instituutti.fi\/blogi\/wp-content\/uploads\/2023\/03\/IMG_2163-750x380.jpg",750,380,true],"slider-nav-thumbnail":["https:\/\/www.pyhajarvi-instituutti.fi\/blogi\/wp-content\/uploads\/2023\/03\/IMG_2163-110x70.jpg",110,70,true]},"rttpg_author":{"display_name":"admin","author_link":"https:\/\/www.pyhajarvi-instituutti.fi\/blogi\/author\/admin\/"},"rttpg_comment":0,"rttpg_category":"<a href=\"https:\/\/www.pyhajarvi-instituutti.fi\/blogi\/category\/henna-ryoma\/\" rel=\"category tag\">Asiantuntija | Henna Ry\u00f6m\u00e4<\/a>","rttpg_excerpt":"Usein, kun puhutaan j\u00e4rven virkistysk\u00e4yt\u00f6st\u00e4, ajatus siirtyy kes\u00e4iseen maisemaan, korva kuulee jo laineen liplatuksen ja muistin sopukoissa varpaat ovat j\u00e4rven l\u00e4mpim\u00e4ss\u00e4 rantavedess\u00e4. Kaukaa kuuluu veneen...","post_mailing_queue_ids":[],"_links":{"self":[{"href":"https:\/\/www.pyhajarvi-instituutti.fi\/blogi\/wp-json\/wp\/v2\/posts\/1481","targetHints":{"allow":["GET"]}}],"collection":[{"href":"https:\/\/www.pyhajarvi-instituutti.fi\/blogi\/wp-json\/wp\/v2\/posts"}],"about":[{"href":"https:\/\/www.pyhajarvi-instituutti.fi\/blogi\/wp-json\/wp\/v2\/types\/post"}],"author":[{"embeddable":true,"href":"https:\/\/www.pyhajarvi-instituutti.fi\/blogi\/wp-json\/wp\/v2\/users\/4"}],"replies":[{"embeddable":true,"href":"https:\/\/www.pyhajarvi-instituutti.fi\/blogi\/wp-json\/wp\/v2\/comments?post=1481"}],"version-history":[{"count":2,"href":"https:\/\/www.pyhajarvi-instituutti.fi\/blogi\/wp-json\/wp\/v2\/posts\/1481\/revisions"}],"predecessor-version":[{"id":1483,"href":"https:\/\/www.pyhajarvi-instituutti.fi\/blogi\/wp-json\/wp\/v2\/posts\/1481\/revisions\/1483"}],"wp:featuredmedia":[{"embeddable":true,"href":"https:\/\/www.pyhajarvi-instituutti.fi\/blogi\/wp-json\/wp\/v2\/media\/1479"}],"wp:attachment":[{"href":"https:\/\/www.pyhajarvi-instituutti.fi\/blogi\/wp-json\/wp\/v2\/media?parent=1481"}],"wp:term":[{"taxonomy":"category","embeddable":true,"href":"https:\/\/www.pyhajarvi-instituutti.fi\/blogi\/wp-json\/wp\/v2\/categories?post=1481"},{"taxonomy":"post_tag","embeddable":true,"href":"https:\/\/www.pyhajarvi-instituutti.fi\/blogi\/wp-json\/wp\/v2\/tags?post=1481"}],"curies":[{"name":"wp","href":"https:\/\/api.w.org\/{rel}","templated":true}]}}