{"id":147,"date":"2015-08-07T15:30:29","date_gmt":"2015-08-07T12:30:29","guid":{"rendered":"https:\/\/pyhajarvi-instituutti.fi\/blogi\/?p=147"},"modified":"2015-08-07T15:32:45","modified_gmt":"2015-08-07T12:32:45","slug":"pyhajarven-puolesta","status":"publish","type":"post","link":"https:\/\/www.pyhajarvi-instituutti.fi\/blogi\/2015\/08\/07\/pyhajarven-puolesta\/","title":{"rendered":"Pyh\u00e4j\u00e4rven puolesta"},"content":{"rendered":"<p>Pyh\u00e4j\u00e4rven puolesta tehd\u00e4\u00e4n t\u00f6it\u00e4 koko ajan. Pyh\u00e4j\u00e4rvi-instituutin lis\u00e4ksi j\u00e4rven puolesta ty\u00f6skentelev\u00e4t esimerkiksi paikalliset asukkaat ja yritykset, kunnat ja ymp\u00e4rist\u00f6viranomaiset. Toimintaa ja tietoa on paljon, mutta vain pieni osa p\u00e4\u00e4see julkisuudessa esille. Tietoa j\u00e4rvest\u00e4, sen k\u00e4yt\u00f6st\u00e4 ja sen puolesta teht\u00e4v\u00e4st\u00e4 ty\u00f6st\u00e4 jaetaan muun muassa kerran kuussa ilmestyv\u00e4n Pyh\u00e4j\u00e4rven puolesta -palstan kautta.<\/p>\n<p><a href=\"https:\/\/pyhajarvi-instituutti.fi\/blogi\/wp-content\/uploads\/2015\/08\/2014-06-11-0417_korjattu2.jpg\"><img fetchpriority=\"high\" decoding=\"async\" src=\"https:\/\/pyhajarvi-instituutti.fi\/blogi\/wp-content\/uploads\/2015\/08\/2014-06-11-0417_korjattu2.jpg\" alt=\"2014-06-11-0417_korjattu2\" width=\"2523\" height=\"1365\" class=\"aligncenter size-full wp-image-150\" \/><\/a><\/p>\n<p>Pyh\u00e4j\u00e4rven puolesta juttusarjaa on julkaistu jo vuodesta 1995. Juttusarja t\u00e4ytt\u00e4\u00e4 t\u00e4n\u00e4 vuonna Pyh\u00e4j\u00e4rven suojeluohjelman kanssa 20 vuotta. Sarja ilmestyy kerran kuussa Alasatakunta -lehdess\u00e4 ja Auranmaan viikkolehdess\u00e4 ja jutuissa k\u00e4sitell\u00e4\u00e4n Pyh\u00e4j\u00e4rve\u00e4 koskevia aiheita. Kirjoittajina ovat Pyh\u00e4j\u00e4rvi-instituutin oman v\u00e4en lis\u00e4ksi yhteisty\u00f6kumppanit ja j\u00e4rven k\u00e4ytt\u00e4j\u00e4t.<\/p>\n<p>Vuosien saatossa kirjoitetut jutut on ker\u00e4tty nettisivulle <a href=\"http:\/\/www.pyhajarvensuojelu.net\/default10.asp?active_page_id=155\" target=\"_blank\">www.pyhajarvensuojelu.net<\/a>. Sinne jutut on jaoteltu siten, ett\u00e4  vuosien 1995-2006 -jutut suojeluohjelman ensimm\u00e4iselt\u00e4 toimikaudelta on ker\u00e4tty omaksi pdf-julkaisuksekseen ja sen j\u00e4lkeen jutut on ker\u00e4tty vuosittain yhteen. Kuluvan vuoden jutut ovat suoraan sivulla.<\/p>\n<p><a href=\"https:\/\/pyhajarvi-instituutti.fi\/blogi\/wp-content\/uploads\/2015\/08\/20150703_183402645_iOS.jpg\"><img decoding=\"async\" src=\"https:\/\/pyhajarvi-instituutti.fi\/blogi\/wp-content\/uploads\/2015\/08\/20150703_183402645_iOS.jpg\" alt=\"20150703_183402645_iOS\" width=\"2448\" height=\"2448\" class=\"alignleft size-full wp-image-149\" \/><\/a><\/p>\n<p>Ihan ensimm\u00e4inen juttu julkaistiin 26.5.1995, kun Harri Mattila kirjoitti maatalouden ymp\u00e4rist\u00f6tukien hausta. Monet jutunaiheet ovat ajankohtaisia edelleen. Vuosien aikana on kirjoitettu esimerkiksi lev\u00e4tilanteesta, j\u00e4teveden k\u00e4sittelyst\u00e4, huusseista, j\u00e4rven virtauksesta, kaloista ja kalastuksesta, suojeluty\u00f6st\u00e4 ja hankkeiden tuloksista. Mist\u00e4 sin\u00e4 haluaisit lukea? J\u00e4t\u00e4 kommenttia.<\/p>\n","protected":false},"excerpt":{"rendered":"<p>Pyh\u00e4j\u00e4rven puolesta tehd\u00e4\u00e4n t\u00f6it\u00e4 koko ajan. Pyh\u00e4j\u00e4rvi-instituutin lis\u00e4ksi j\u00e4rven puolesta ty\u00f6skentelev\u00e4t esimerkiksi paikalliset asukkaat ja yritykset, kunnat ja ymp\u00e4rist\u00f6viranomaiset. Toimintaa ja tietoa on paljon, mutta&#8230;<\/p>\n","protected":false},"author":4,"featured_media":0,"comment_status":"open","ping_status":"closed","sticky":false,"template":"","format":"standard","meta":{"footnotes":""},"categories":[5],"tags":[33,26,34],"class_list":["post-147","post","type-post","status-publish","format-standard","hentry","category-henna-ryoma","tag-pyhajarven-puolesta","tag-pyhajarven-suojelu","tag-pyhajarven-suojeluohjelma"],"rttpg_featured_image_url":null,"rttpg_author":{"display_name":"admin","author_link":"https:\/\/www.pyhajarvi-instituutti.fi\/blogi\/author\/admin\/"},"rttpg_comment":0,"rttpg_category":"<a href=\"https:\/\/www.pyhajarvi-instituutti.fi\/blogi\/category\/henna-ryoma\/\" rel=\"category tag\">Asiantuntija | Henna Ry\u00f6m\u00e4<\/a>","rttpg_excerpt":"Pyh\u00e4j\u00e4rven puolesta tehd\u00e4\u00e4n t\u00f6it\u00e4 koko ajan. Pyh\u00e4j\u00e4rvi-instituutin lis\u00e4ksi j\u00e4rven puolesta ty\u00f6skentelev\u00e4t esimerkiksi paikalliset asukkaat ja yritykset, kunnat ja ymp\u00e4rist\u00f6viranomaiset. Toimintaa ja tietoa on paljon, mutta...","post_mailing_queue_ids":[],"_links":{"self":[{"href":"https:\/\/www.pyhajarvi-instituutti.fi\/blogi\/wp-json\/wp\/v2\/posts\/147","targetHints":{"allow":["GET"]}}],"collection":[{"href":"https:\/\/www.pyhajarvi-instituutti.fi\/blogi\/wp-json\/wp\/v2\/posts"}],"about":[{"href":"https:\/\/www.pyhajarvi-instituutti.fi\/blogi\/wp-json\/wp\/v2\/types\/post"}],"author":[{"embeddable":true,"href":"https:\/\/www.pyhajarvi-instituutti.fi\/blogi\/wp-json\/wp\/v2\/users\/4"}],"replies":[{"embeddable":true,"href":"https:\/\/www.pyhajarvi-instituutti.fi\/blogi\/wp-json\/wp\/v2\/comments?post=147"}],"version-history":[{"count":2,"href":"https:\/\/www.pyhajarvi-instituutti.fi\/blogi\/wp-json\/wp\/v2\/posts\/147\/revisions"}],"predecessor-version":[{"id":151,"href":"https:\/\/www.pyhajarvi-instituutti.fi\/blogi\/wp-json\/wp\/v2\/posts\/147\/revisions\/151"}],"wp:attachment":[{"href":"https:\/\/www.pyhajarvi-instituutti.fi\/blogi\/wp-json\/wp\/v2\/media?parent=147"}],"wp:term":[{"taxonomy":"category","embeddable":true,"href":"https:\/\/www.pyhajarvi-instituutti.fi\/blogi\/wp-json\/wp\/v2\/categories?post=147"},{"taxonomy":"post_tag","embeddable":true,"href":"https:\/\/www.pyhajarvi-instituutti.fi\/blogi\/wp-json\/wp\/v2\/tags?post=147"}],"curies":[{"name":"wp","href":"https:\/\/api.w.org\/{rel}","templated":true}]}}