{"id":1451,"date":"2022-12-19T13:26:32","date_gmt":"2022-12-19T11:26:32","guid":{"rendered":"https:\/\/www.pyhajarvi-instituutti.fi\/blogi\/?p=1451"},"modified":"2022-12-19T13:26:33","modified_gmt":"2022-12-19T11:26:33","slug":"vaniljainen-villivadelmapiirakka","status":"publish","type":"post","link":"https:\/\/www.pyhajarvi-instituutti.fi\/blogi\/2022\/12\/19\/vaniljainen-villivadelmapiirakka\/","title":{"rendered":"Vaniljainen villivadelmapiirakka"},"content":{"rendered":"<div class=\"wp-block-image\">\n<figure class=\"alignleft size-medium\"><a href=\"https:\/\/www.pyhajarvi-instituutti.fi\/blogi\/wp-content\/uploads\/2022\/12\/Kuva2.png\"><img fetchpriority=\"high\" decoding=\"async\" width=\"300\" height=\"230\" src=\"https:\/\/www.pyhajarvi-instituutti.fi\/blogi\/wp-content\/uploads\/2022\/12\/Kuva2-300x230.png\" alt=\"Vadelman ravintoarvot\" class=\"wp-image-1447\"\/><\/a><\/figure><\/div>\n\n\n<p>Loppukes\u00e4n ja alkusyksyn parasta antia ovat minusta villivadelmat. Ulkoa l\u00f6ytyy mustikoita, viinimarjoja ja sieni\u00e4, mutta ei vadelman makua voita mik\u00e4\u00e4n. Ja t\u00e4n\u00e4 vuonna vadelmia tosiaan l\u00f6ytyi metsist\u00e4! Osa vadelmista saattoi p\u00e4\u00e4ty\u00e4 pakkaseenkin ja nyt talvella on parasta aikaa k\u00e4ytt\u00e4\u00e4 pakastimen herkkuja.<\/p>\n\n\n\n<p>T\u00e4h\u00e4n piirakkaan on k\u00e4ytetty parhaita villivadelmia salaisista vadelmapaikoista. Sitruunaa ei ole pakko k\u00e4ytt\u00e4\u00e4, mutta se antaa paljon makua. Koska sitruunasta k\u00e4ytet\u00e4\u00e4n kuori, kannattaa valita luomusitruuna, jolloin kuoreen on p\u00e4\u00e4tynyt v\u00e4hemm\u00e4n torjunta-aineita.<\/p>\n\n\n\n<figure class=\"wp-block-image size-medium_large\"><a href=\"https:\/\/www.pyhajarvi-instituutti.fi\/blogi\/wp-content\/uploads\/2022\/12\/Kuva3.jpg\"><img decoding=\"async\" width=\"768\" height=\"819\" src=\"https:\/\/www.pyhajarvi-instituutti.fi\/blogi\/wp-content\/uploads\/2022\/12\/Kuva3-768x819.jpg\" alt=\"vadelmia rasiassa\" class=\"wp-image-1448\"\/><\/a><\/figure>\n\n\n\n<p><strong>Ainekset:<\/strong><\/p>\n\n\n\n<p><strong>Pohja: <\/strong><\/p>\n\n\n\n<ul class=\"wp-block-list\"><li>100 g voita<\/li><li>2,5 dl vehn\u00e4jauhoja<\/li><li>1 dl sokeria<\/li><li>\u00bd tl leivinjauhetta<\/li><li>1 tl raastettua sitruunankuorta<\/li><li>2 rkl sitruunamehua<\/li><li>\u00f6ljy\u00e4 tai voita vuoan vuoraamiseen<\/li><\/ul>\n\n\n\n<p><strong>T\u00e4yte:<\/strong><\/p>\n\n\n\n<ul class=\"wp-block-list\"><li>noin 250 g villivadelmia<\/li><li>1,5 prk kermaviili\u00e4 tai creme fraichea<\/li><li>3 kananmunaa<\/li><li>2 rkl maissit\u00e4rkkelyst\u00e4<\/li><li>100 g valkosuklaata<\/li><li>4 rkl vaniljakreemi\u00e4<\/li><li>1 tl vaniljasokeria<\/li><li>2 rkl tomusokeria<\/li><\/ul>\n\n\n\n<p><strong>Valmistus:<\/strong><\/p>\n\n\n\n<div class=\"wp-block-group\"><div class=\"wp-block-group__inner-container is-layout-flow wp-block-group-is-layout-flow\">\n<ol class=\"wp-block-list\" type=\"1\"><li>Lis\u00e4\u00e4 astiaan voi, vehn\u00e4jauhot, sokeri, leivinjauhe sek\u00e4 raastettu sitruunankuori ja nypi taikina tasaiseksi muruksi. Lis\u00e4\u00e4 taikinaan sitruunamehu, ja painele murutaikina tasaiseksi palloksi.<\/li><li>Voitele n. (\u00f825 cm) piirakkavuoka esim. voilla tai rypsi\u00f6ljyll\u00e4. Painele taikina vuoan pohjalle ja reunoille.<\/li><li>Raasta noin 75g valkosuklaasta. Riko kulhoon kananmunat ja lis\u00e4\u00e4 sekaan creme fraiche, vaniljasokeri ja vaniljakreemijauhe. Siivil\u00f6i sekaan maissit\u00e4rkkelys ja tomusokeri ja lis\u00e4\u00e4 raastettu valkosuklaa. Kaada t\u00e4yte piirakkapohjan p\u00e4\u00e4lle.<\/li><li>Ripottele p\u00e4\u00e4lle vadelmat ja laita uunin alatasolle 200 asteeseen. Paista noin puolituntia.<\/li><li>Anna piirakan j\u00e4\u00e4hty\u00e4 ja raasta p\u00e4\u00e4lle juustoh\u00f6yl\u00e4ll\u00e4 loput valkosuklaasta.<\/li><li>Nauti! Kyytipojaksi sopii maito tai kahvi tai kahvimaito.<\/li><\/ol>\n<\/div><\/div>\n\n\n\n<figure class=\"wp-block-image size-medium_large\"><a href=\"https:\/\/www.pyhajarvi-instituutti.fi\/blogi\/wp-content\/uploads\/2022\/12\/Kuva4.jpg\"><img decoding=\"async\" width=\"768\" height=\"576\" src=\"https:\/\/www.pyhajarvi-instituutti.fi\/blogi\/wp-content\/uploads\/2022\/12\/Kuva4-768x576.jpg\" alt=\"valmis murutaikina\" class=\"wp-image-1449\"\/><\/a><\/figure>\n\n\n\n<figure class=\"wp-block-image size-medium_large\"><a href=\"https:\/\/www.pyhajarvi-instituutti.fi\/blogi\/wp-content\/uploads\/2022\/12\/Kuva5.jpg\"><img loading=\"lazy\" decoding=\"async\" width=\"768\" height=\"576\" src=\"https:\/\/www.pyhajarvi-instituutti.fi\/blogi\/wp-content\/uploads\/2022\/12\/Kuva5-768x576.jpg\" alt=\"t\u00e4ytteen lis\u00e4ys\" class=\"wp-image-1450\"\/><\/a><\/figure>\n\n\n\n<figure class=\"wp-block-image size-medium_large\"><a href=\"https:\/\/www.pyhajarvi-instituutti.fi\/blogi\/wp-content\/uploads\/2022\/12\/Kuva6.jpg\"><img loading=\"lazy\" decoding=\"async\" width=\"768\" height=\"1024\" src=\"https:\/\/www.pyhajarvi-instituutti.fi\/blogi\/wp-content\/uploads\/2022\/12\/Kuva6-768x1024.jpg\" alt=\"valmis piirakka\" class=\"wp-image-1445\"\/><\/a><\/figure>\n\n\n\n<p><\/p>\n","protected":false},"excerpt":{"rendered":"<p>Loppukes\u00e4n ja alkusyksyn parasta antia ovat minusta villivadelmat. Ulkoa l\u00f6ytyy mustikoita, viinimarjoja ja sieni\u00e4, mutta ei vadelman makua voita mik\u00e4\u00e4n. Ja t\u00e4n\u00e4 vuonna vadelmia tosiaan&#8230;<\/p>\n","protected":false},"author":4,"featured_media":1446,"comment_status":"closed","ping_status":"closed","sticky":false,"template":"","format":"standard","meta":{"footnotes":""},"categories":[295],"tags":[154,319,42,317,318],"class_list":["post-1451","post","type-post","status-publish","format-standard","has-post-thumbnail","hentry","category-kesatyontekija-anna-kahala","tag-marja","tag-marjapiirakka","tag-resepti","tag-vadelma","tag-vadelmapiirakka"],"rttpg_featured_image_url":{"full":["https:\/\/www.pyhajarvi-instituutti.fi\/blogi\/wp-content\/uploads\/2022\/12\/Kuva1.jpg",1471,1723,false],"landscape":["https:\/\/www.pyhajarvi-instituutti.fi\/blogi\/wp-content\/uploads\/2022\/12\/Kuva1.jpg",1471,1723,false],"portraits":["https:\/\/www.pyhajarvi-instituutti.fi\/blogi\/wp-content\/uploads\/2022\/12\/Kuva1.jpg",1471,1723,false],"thumbnail":["https:\/\/www.pyhajarvi-instituutti.fi\/blogi\/wp-content\/uploads\/2022\/12\/Kuva1-150x150.jpg",150,150,true],"medium":["https:\/\/www.pyhajarvi-instituutti.fi\/blogi\/wp-content\/uploads\/2022\/12\/Kuva1-256x300.jpg",256,300,true],"large":["https:\/\/www.pyhajarvi-instituutti.fi\/blogi\/wp-content\/uploads\/2022\/12\/Kuva1-874x1024.jpg",874,1024,true],"rpg_gallery_admin_thumb":["https:\/\/www.pyhajarvi-instituutti.fi\/blogi\/wp-content\/uploads\/2022\/12\/Kuva1-150x150.jpg",150,150,true],"rpg_gallery_thumb":["https:\/\/www.pyhajarvi-instituutti.fi\/blogi\/wp-content\/uploads\/2022\/12\/Kuva1-150x150.jpg",150,150,true],"1536x1536":["https:\/\/www.pyhajarvi-instituutti.fi\/blogi\/wp-content\/uploads\/2022\/12\/Kuva1-1311x1536.jpg",1311,1536,true],"2048x2048":["https:\/\/www.pyhajarvi-instituutti.fi\/blogi\/wp-content\/uploads\/2022\/12\/Kuva1.jpg",1471,1723,false],"archive-thumbnail":["https:\/\/www.pyhajarvi-instituutti.fi\/blogi\/wp-content\/uploads\/2022\/12\/Kuva1-470x140.jpg",470,140,true],"single-thumbnail":["https:\/\/www.pyhajarvi-instituutti.fi\/blogi\/wp-content\/uploads\/2022\/12\/Kuva1-470x260.jpg",470,260,true],"featured-thumbnail":["https:\/\/www.pyhajarvi-instituutti.fi\/blogi\/wp-content\/uploads\/2022\/12\/Kuva1-750x380.jpg",750,380,true],"slider-nav-thumbnail":["https:\/\/www.pyhajarvi-instituutti.fi\/blogi\/wp-content\/uploads\/2022\/12\/Kuva1-110x70.jpg",110,70,true]},"rttpg_author":{"display_name":"admin","author_link":"https:\/\/www.pyhajarvi-instituutti.fi\/blogi\/author\/admin\/"},"rttpg_comment":0,"rttpg_category":"<a href=\"https:\/\/www.pyhajarvi-instituutti.fi\/blogi\/category\/kesatyontekija-anna-kahala\/\" rel=\"category tag\">Kes\u00e4ty\u00f6ntekij\u00e4 | Anna Kahala<\/a>","rttpg_excerpt":"Loppukes\u00e4n ja alkusyksyn parasta antia ovat minusta villivadelmat. Ulkoa l\u00f6ytyy mustikoita, viinimarjoja ja sieni\u00e4, mutta ei vadelman makua voita mik\u00e4\u00e4n. Ja t\u00e4n\u00e4 vuonna vadelmia tosiaan...","post_mailing_queue_ids":[],"_links":{"self":[{"href":"https:\/\/www.pyhajarvi-instituutti.fi\/blogi\/wp-json\/wp\/v2\/posts\/1451","targetHints":{"allow":["GET"]}}],"collection":[{"href":"https:\/\/www.pyhajarvi-instituutti.fi\/blogi\/wp-json\/wp\/v2\/posts"}],"about":[{"href":"https:\/\/www.pyhajarvi-instituutti.fi\/blogi\/wp-json\/wp\/v2\/types\/post"}],"author":[{"embeddable":true,"href":"https:\/\/www.pyhajarvi-instituutti.fi\/blogi\/wp-json\/wp\/v2\/users\/4"}],"replies":[{"embeddable":true,"href":"https:\/\/www.pyhajarvi-instituutti.fi\/blogi\/wp-json\/wp\/v2\/comments?post=1451"}],"version-history":[{"count":2,"href":"https:\/\/www.pyhajarvi-instituutti.fi\/blogi\/wp-json\/wp\/v2\/posts\/1451\/revisions"}],"predecessor-version":[{"id":1453,"href":"https:\/\/www.pyhajarvi-instituutti.fi\/blogi\/wp-json\/wp\/v2\/posts\/1451\/revisions\/1453"}],"wp:featuredmedia":[{"embeddable":true,"href":"https:\/\/www.pyhajarvi-instituutti.fi\/blogi\/wp-json\/wp\/v2\/media\/1446"}],"wp:attachment":[{"href":"https:\/\/www.pyhajarvi-instituutti.fi\/blogi\/wp-json\/wp\/v2\/media?parent=1451"}],"wp:term":[{"taxonomy":"category","embeddable":true,"href":"https:\/\/www.pyhajarvi-instituutti.fi\/blogi\/wp-json\/wp\/v2\/categories?post=1451"},{"taxonomy":"post_tag","embeddable":true,"href":"https:\/\/www.pyhajarvi-instituutti.fi\/blogi\/wp-json\/wp\/v2\/tags?post=1451"}],"curies":[{"name":"wp","href":"https:\/\/api.w.org\/{rel}","templated":true}]}}