{"id":1254,"date":"2021-12-21T09:27:09","date_gmt":"2021-12-21T07:27:09","guid":{"rendered":"https:\/\/www.pyhajarvi-instituutti.fi\/blogi\/?p=1254"},"modified":"2021-12-21T11:18:15","modified_gmt":"2021-12-21T09:18:15","slug":"menestysta-alueen-yrittajalle","status":"publish","type":"post","link":"https:\/\/www.pyhajarvi-instituutti.fi\/blogi\/2021\/12\/21\/menestysta-alueen-yrittajalle\/","title":{"rendered":"Menestyst\u00e4 alueen yritt\u00e4j\u00e4lle"},"content":{"rendered":"\n<p>Kohtaavat yritysajatukset- hankkeen aikana olemme tavanneet paljon Euran ja S\u00e4kyl\u00e4n kuntien alueella eli Pyh\u00e4j\u00e4rviseudulla yritt\u00e4j\u00e4ksi haaveilevia, yritt\u00e4j\u00e4n\u00e4 toimivia ja alueemme yrityksiss\u00e4 asioivia henkil\u00f6it\u00e4. Yritt\u00e4jien kanssa keskusteluista on v\u00e4littynyt innostus tekemiseen, mutta toisaalta my\u00f6s toiminnan tuen merkitys. Alkuvaiheen tuki omille ajatuksille haaveiden toteuttamisesta, tarvittavien neuvontapalveluiden saatavilla olo, asiakkailta saatu kannustus onnistuneista palveluista ja oman verkoston merkitys ovat olleet useammissa k\u00e4ymiss\u00e4mme keskusteluissa.<\/p>\n\n\n\n<h2 class=\"wp-block-heading\">Kunnista tukea Sinullekin<\/h2>\n\n\n\n<p>Kuntien neuvonta- ja sijoittumispalvelut yrityksille on koettu hyvin saatavilla oleviksi. Aiheen parissa ty\u00f6skentelev\u00e4t liiketoimintajohtaja Hanna Nieminen S\u00e4kyl\u00e4st\u00e4 ja yrityskoordinaattori Ilkka M\u00e4kinen Eurasta ovat olleet hankkeessamme haastateltavina. Olemme tehneet heid\u00e4n haastatteluistaan videot, joissa ajassa kest\u00e4vi\u00e4 ajatuksia kummaltakin.<\/p>\n\n\n\n<p>Hannan videon linkki: <a href=\"https:\/\/www.youtube.com\/watch?v=zrbbITR-US4\" target=\"_blank\" rel=\"noreferrer noopener\">https:\/\/www.youtube.com\/watch?v=zrbbITR-US4<\/a><\/p>\n\n\n\n<p>Ilkan videon linkki: <a href=\"https:\/\/www.youtube.com\/watch?v=irkk0Xlc7Z8\" target=\"_blank\" rel=\"noreferrer noopener\">https:\/\/www.youtube.com\/watch?v=irkk0Xlc7Z8<\/a><\/p>\n\n\n\n<figure class=\"wp-block-image size-large\"><a href=\"https:\/\/www.pyhajarvi-instituutti.fi\/blogi\/wp-content\/uploads\/2020\/11\/20200804_120138.jpg\"><img fetchpriority=\"high\" decoding=\"async\" width=\"1024\" height=\"768\" src=\"https:\/\/www.pyhajarvi-instituutti.fi\/blogi\/wp-content\/uploads\/2020\/11\/20200804_120138-1024x768.jpg\" alt=\"\" class=\"wp-image-1065\"\/><\/a><\/figure>\n\n\n\n<p>Kuntien sivustot yritt\u00e4jyytt\u00e4 pohtivalle ovat hyv\u00e4 aloituspaikka omien yrityshaaveiden konkretisoimiseen. S\u00e4kyl\u00e4n kunnan sivuilta (<a href=\"https:\/\/www.sakyla.fi\/yrittaminen\/\">https:\/\/www.sakyla.fi\/yrittaminen\/<\/a>) kuntalaisille tarjotaan Yritystulkki-palvelun monipuolisia mahdollisuuksia yritystoiminnan sis\u00e4lt\u00f6ihin. Esimerkiksi liiketoimintasuunnitelma, perustaminen, rahoitus ja markkinointi ovat lomakkeina ja ohjeina palvelussa saatavilla.<\/p>\n\n\n\n<p>Euran kunnan tarkoituksena on vahvistaa aloittavan yritt\u00e4j\u00e4n neuvontaa vuoden 2022 alusta lukien neuvontapalveluostoilla Prizztech Oy:lt\u00e4. Yritysten menestyminen ja aloittaminen on kunnassa n\u00e4hty kuntalaisten ty\u00f6n ja hyvinvoinnin kannalta eritt\u00e4in keskeiseksi tekij\u00e4ksi (<a href=\"https:\/\/www.euraplus.fi\/yrittamaan\">https:\/\/www.euraplus.fi\/yrittamaan<\/a>).<\/p>\n\n\n\n<p>Yritysneuvoja Anne Heikintalo Uusyrityskeskus Enterist\u00e4 kannustaa yritt\u00e4j\u00e4ksi aikovia osallistumaan tarjottuihin tilaisuuksiin, kuten uuden yritt\u00e4j\u00e4n infoihin, joita p\u00e4\u00e4see usein seuraamaan my\u00f6s verkon kautta. Anne kirjoitti meille syksyll\u00e4 2021 ajatuksia tukemaan yritystoiminnan ensi vaiheita:<\/p>\n\n\n\n<p>Annen tekstin linkki: <a href=\"https:\/\/www.pyhajarvi-instituutti.fi\/blogi\/index.php\/2021\/12\/08\/oisko-yrittajyys-sun-juttusi\/\">https:\/\/www.pyhajarvi-instituutti.fi\/blogi\/index.php\/2021\/12\/08\/oisko-yrittajyys-sun-juttusi\/<\/a><\/p>\n\n\n\n<h2 class=\"wp-block-heading\">Yritt\u00e4j\u00e4n\u00e4 tai kevytyritt\u00e4j\u00e4n\u00e4?<\/h2>\n\n\n\n<p>Kevytyritt\u00e4j\u00e4n\u00e4 toimiminen on my\u00f6s yksi vaihtoehto monenlaisiin tilanteisiin. Joku haluaa tehd\u00e4 oman ty\u00f6n ohessa pienimuotoisesti omaan osaamisen perustuvaa palvelutoimintaa ja joku p\u00e4\u00e4tyy kokeilemaan laskutuspalvelua ennen varsinaisen yrityksen perustamista. Ilman omaa y-tunnusta laskutuspalvelun kautta omasta ty\u00f6st\u00e4 laskuttaminen onnistuu esimerkiksi ukko.fi- palvelun kautta. Hankkeessa tehdyss\u00e4 kokeilussa palveluun rekister\u00f6itymisess\u00e4 ja laskutuksen tekemisess\u00e4 menee korkeintaan muutamia minuutteja kummassakin.<\/p>\n\n\n\n<p>Hieman erityyppist\u00e4 palvelua tarjotaan pankkipalveluiden kautta. T\u00e4st\u00e4 voit tarkemmin kuulla Euran Osuuspankin asiakasneuvoja Aino Kuntsin sanoittamana:<\/p>\n\n\n\n<figure class=\"wp-block-embed is-type-video is-provider-youtube wp-block-embed-youtube wp-embed-aspect-16-9 wp-has-aspect-ratio\"><div class=\"wp-block-embed__wrapper\">\n<iframe title=\"Kohtaavat yritysajatukset: Kevytyritt\u00e4minen\" width=\"470\" height=\"264\" src=\"https:\/\/www.youtube.com\/embed\/3vFMyD7JHpA?feature=oembed\" frameborder=\"0\" allow=\"accelerometer; autoplay; clipboard-write; encrypted-media; gyroscope; picture-in-picture; web-share\" referrerpolicy=\"strict-origin-when-cross-origin\" allowfullscreen><\/iframe>\n<\/div><\/figure>\n\n\n\n<h2 class=\"wp-block-heading\">Pyh\u00e4j\u00e4rviseudun erityisyys<\/h2>\n\n\n\n<p>Toimivan liikeidean merkitys korostui hankkeessa toteuttamissamme tilaisuuksissa ja haastatteluissa. Mik\u00e4 on toiminnan ja osaamisen ydin, mist\u00e4 tulevat asiakkaat ja miten sopivalla tavalla voi fokusoitua tiettyyn sis\u00e4lt\u00f6\u00f6n. Keskusteluissa erottui my\u00f6s halu kehitt\u00e4\u00e4 omaa asuinseutua ja tehd\u00e4 siit\u00e4 menestyksellinen tulevaisuudenkin toimintaymp\u00e4rist\u00f6. Kullakin toimijalla on t\u00e4h\u00e4n oma n\u00e4k\u00f6kulmansa ja oma vastauksensa, jotka kaikki ovat yht\u00e4 t\u00e4rkeit\u00e4 vastauksia Pyh\u00e4j\u00e4rviseudun kannalta.<\/p>\n\n\n\n<p>Pyh\u00e4j\u00e4rviseudun erityisyytt\u00e4 koskevan n\u00e4k\u00f6kulman tarjoaa my\u00f6s Pyh\u00e4j\u00e4rvi-instituutin asiantuntija Henna Ry\u00f6m\u00e4, joka kiteytti helmikuussa 2021 pidetyn \u201dMinustako yritt\u00e4j\u00e4?\u201d-tilaisuuden puheenvuoroja seuraavasti:<\/p>\n\n\n\n<p>\u201d<em>Miksi Pyh\u00e4j\u00e4rviseutu on hyv\u00e4 paikka yritt\u00e4\u00e4? Kuntien ja yritt\u00e4j\u00e4yhdistysten tekem\u00e4 yhteisty\u00f6 takaa vire\u00e4n ja aktiivisen yritt\u00e4j\u00e4verkoston ja alueen kehittymisen. Yritysmy\u00f6nteisyys, sitoutunut ty\u00f6voima, aktiivinen tukiverkosto ja loistava sijainti Turku-Rauma-Pori-Tampere -akselilla antaa yritt\u00e4miselle hyv\u00e4t l\u00e4ht\u00f6kohdat. Kuntien yritys- ja elinkeinoneuvonta, Euran ja S\u00e4kyl\u00e4n Yritt\u00e4j\u00e4t ja Pyh\u00e4j\u00e4rviseudun nuorkauppakamari toimivat alueen yritysmy\u00f6nteisin\u00e4 kehitt\u00e4jin\u00e4 ja aktivaattoreina. Yksinyritt\u00e4j\u00e4k\u00e4\u00e4n ei ole yksin, vaan Uusyrityskeskuksen moton mukaan: Yhdess\u00e4 yritys onnistuu!\u201d<\/em><\/p>\n\n\n\n<p>Hennan koko blogitekstin p\u00e4\u00e4set lukemaan seuraavasta linkist\u00e4: <a href=\"https:\/\/www.pyhajarvi-instituutti.fi\/blogi\/index.php\/2021\/02\/22\/pyhajarviseudulla-on-vetovoimaa\/\">https:\/\/www.pyhajarvi-instituutti.fi\/blogi\/index.php\/2021\/02\/22\/pyhajarviseudulla-on-vetovoimaa\/<\/a><\/p>\n\n\n\n<h2 class=\"wp-block-heading\">Verkostojen voimaa<\/h2>\n\n\n\n<p>Yritt\u00e4j\u00e4n tukena Pyh\u00e4j\u00e4rviseudulla toimii paljon eri tahoja, joiden kanssa olemme hankkeen aikana p\u00e4\u00e4sseet tekem\u00e4\u00e4n yhteisty\u00f6t\u00e4. Kuntien lis\u00e4ksi alueen ja paikallisen tason yritt\u00e4j\u00e4yhdistykset, Satakunnan Te-toimisto, Satakunnan ELY-keskus, Leader Pyh\u00e4j\u00e4rviseutu ry, ProAgria L\u00e4nsi-Suomi ry, Pyh\u00e4j\u00e4rviseudun nuorkauppakamari, Rauman kauppakamari ja Finnvera ovat ainakin esimerkkein\u00e4 tahoista, joita yritt\u00e4jyyden ymp\u00e4rill\u00e4 Pyh\u00e4j\u00e4rviseudulla ovat toimimassa.<\/p>\n\n\n\n<p>Verkon kautta saatavilla olevista, my\u00f6s valtakunnallisistakin palveluista kannattaa ottaa my\u00f6s tukea omaan tekemiseen. Tietoa ja palveluja yrityst\u00e4 perustaville l\u00f6ytyy helposti ainakin seuraavilta sivuilta:<\/p>\n\n\n\n<p><a href=\"https:\/\/www.suomi.fi\/yritykselle\">https:\/\/www.suomi.fi\/yritykselle<\/a><\/p>\n\n\n\n<p><a href=\"https:\/\/toimistot.te-palvelut.fi\/satakunta\/aloittavien-yrittajien-neuvonta\">https:\/\/toimistot.te-palvelut.fi\/satakunta\/aloittavien-yrittajien-neuvonta<\/a><\/p>\n\n\n\n<p><a href=\"https:\/\/www.finnvera.fi\/alku\/yrityksen-perustaminen\">https:\/\/www.finnvera.fi\/alku\/yrityksen-perustaminen<\/a><\/p>\n\n\n\n<p>Menestyst\u00e4 kaikille alkaville ja jo toimiville yritt\u00e4jille!<\/p>\n","protected":false},"excerpt":{"rendered":"<p>Kohtaavat yritysajatukset- hankkeen aikana olemme tavanneet paljon Euran ja S\u00e4kyl\u00e4n kuntien alueella eli Pyh\u00e4j\u00e4rviseudulla yritt\u00e4j\u00e4ksi haaveilevia, yritt\u00e4j\u00e4n\u00e4 toimivia ja alueemme yrityksiss\u00e4 asioivia henkil\u00f6it\u00e4. Yritt\u00e4jien kanssa&#8230;<\/p>\n","protected":false},"author":4,"featured_media":850,"comment_status":"open","ping_status":"closed","sticky":false,"template":"","format":"standard","meta":{"footnotes":""},"categories":[266],"tags":[243,244,267],"class_list":["post-1254","post","type-post","status-publish","format-standard","has-post-thumbnail","hentry","category-hallintopaallikko-johanna-aalto","tag-kohtaavat-yritysajatukset","tag-yrittaminen","tag-yritysneuvonta"],"rttpg_featured_image_url":{"full":["https:\/\/www.pyhajarvi-instituutti.fi\/blogi\/wp-content\/uploads\/2018\/12\/20160831_051015142_iOS-e1545141888750.jpg",2448,2448,false],"landscape":["https:\/\/www.pyhajarvi-instituutti.fi\/blogi\/wp-content\/uploads\/2018\/12\/20160831_051015142_iOS-e1545141888750.jpg",2448,2448,false],"portraits":["https:\/\/www.pyhajarvi-instituutti.fi\/blogi\/wp-content\/uploads\/2018\/12\/20160831_051015142_iOS-e1545141888750.jpg",2448,2448,false],"thumbnail":["https:\/\/www.pyhajarvi-instituutti.fi\/blogi\/wp-content\/uploads\/2018\/12\/20160831_051015142_iOS-e1545141888750-150x150.jpg",150,150,true],"medium":["https:\/\/www.pyhajarvi-instituutti.fi\/blogi\/wp-content\/uploads\/2018\/12\/20160831_051015142_iOS-e1545141888750-300x300.jpg",300,300,true],"large":["https:\/\/www.pyhajarvi-instituutti.fi\/blogi\/wp-content\/uploads\/2018\/12\/20160831_051015142_iOS-e1545141888750-1024x1024.jpg",1024,1024,true],"rpg_gallery_admin_thumb":["https:\/\/www.pyhajarvi-instituutti.fi\/blogi\/wp-content\/uploads\/2018\/12\/20160831_051015142_iOS-e1545141888750-150x150.jpg",150,150,true],"rpg_gallery_thumb":["https:\/\/www.pyhajarvi-instituutti.fi\/blogi\/wp-content\/uploads\/2018\/12\/20160831_051015142_iOS-e1545141888750-150x150.jpg",150,150,true],"1536x1536":["https:\/\/www.pyhajarvi-instituutti.fi\/blogi\/wp-content\/uploads\/2018\/12\/20160831_051015142_iOS-e1545141888750.jpg",1536,1536,false],"2048x2048":["https:\/\/www.pyhajarvi-instituutti.fi\/blogi\/wp-content\/uploads\/2018\/12\/20160831_051015142_iOS-e1545141888750.jpg",2048,2048,false],"archive-thumbnail":["https:\/\/www.pyhajarvi-instituutti.fi\/blogi\/wp-content\/uploads\/2018\/12\/20160831_051015142_iOS-e1545141888750-470x140.jpg",470,140,true],"single-thumbnail":["https:\/\/www.pyhajarvi-instituutti.fi\/blogi\/wp-content\/uploads\/2018\/12\/20160831_051015142_iOS-e1545141888750-470x260.jpg",470,260,true],"featured-thumbnail":["https:\/\/www.pyhajarvi-instituutti.fi\/blogi\/wp-content\/uploads\/2018\/12\/20160831_051015142_iOS-e1545141888750-750x380.jpg",750,380,true],"slider-nav-thumbnail":["https:\/\/www.pyhajarvi-instituutti.fi\/blogi\/wp-content\/uploads\/2018\/12\/20160831_051015142_iOS-e1545141888750-110x70.jpg",110,70,true]},"rttpg_author":{"display_name":"admin","author_link":"https:\/\/www.pyhajarvi-instituutti.fi\/blogi\/author\/admin\/"},"rttpg_comment":0,"rttpg_category":"<a href=\"https:\/\/www.pyhajarvi-instituutti.fi\/blogi\/category\/hallintopaallikko-johanna-aalto\/\" rel=\"category tag\">Hallintop\u00e4\u00e4llikk\u00f6 | Johanna Aalto<\/a>","rttpg_excerpt":"Kohtaavat yritysajatukset- hankkeen aikana olemme tavanneet paljon Euran ja S\u00e4kyl\u00e4n kuntien alueella eli Pyh\u00e4j\u00e4rviseudulla yritt\u00e4j\u00e4ksi haaveilevia, yritt\u00e4j\u00e4n\u00e4 toimivia ja alueemme yrityksiss\u00e4 asioivia henkil\u00f6it\u00e4. Yritt\u00e4jien kanssa...","post_mailing_queue_ids":[],"_links":{"self":[{"href":"https:\/\/www.pyhajarvi-instituutti.fi\/blogi\/wp-json\/wp\/v2\/posts\/1254","targetHints":{"allow":["GET"]}}],"collection":[{"href":"https:\/\/www.pyhajarvi-instituutti.fi\/blogi\/wp-json\/wp\/v2\/posts"}],"about":[{"href":"https:\/\/www.pyhajarvi-instituutti.fi\/blogi\/wp-json\/wp\/v2\/types\/post"}],"author":[{"embeddable":true,"href":"https:\/\/www.pyhajarvi-instituutti.fi\/blogi\/wp-json\/wp\/v2\/users\/4"}],"replies":[{"embeddable":true,"href":"https:\/\/www.pyhajarvi-instituutti.fi\/blogi\/wp-json\/wp\/v2\/comments?post=1254"}],"version-history":[{"count":2,"href":"https:\/\/www.pyhajarvi-instituutti.fi\/blogi\/wp-json\/wp\/v2\/posts\/1254\/revisions"}],"predecessor-version":[{"id":1256,"href":"https:\/\/www.pyhajarvi-instituutti.fi\/blogi\/wp-json\/wp\/v2\/posts\/1254\/revisions\/1256"}],"wp:featuredmedia":[{"embeddable":true,"href":"https:\/\/www.pyhajarvi-instituutti.fi\/blogi\/wp-json\/wp\/v2\/media\/850"}],"wp:attachment":[{"href":"https:\/\/www.pyhajarvi-instituutti.fi\/blogi\/wp-json\/wp\/v2\/media?parent=1254"}],"wp:term":[{"taxonomy":"category","embeddable":true,"href":"https:\/\/www.pyhajarvi-instituutti.fi\/blogi\/wp-json\/wp\/v2\/categories?post=1254"},{"taxonomy":"post_tag","embeddable":true,"href":"https:\/\/www.pyhajarvi-instituutti.fi\/blogi\/wp-json\/wp\/v2\/tags?post=1254"}],"curies":[{"name":"wp","href":"https:\/\/api.w.org\/{rel}","templated":true}]}}