{"id":1239,"date":"2021-09-13T09:19:00","date_gmt":"2021-09-13T06:19:00","guid":{"rendered":"https:\/\/www.pyhajarvi-instituutti.fi\/blogi\/?p=1239"},"modified":"2021-09-13T09:19:06","modified_gmt":"2021-09-13T06:19:06","slug":"pihlajanmarjavinegretti","status":"publish","type":"post","link":"https:\/\/www.pyhajarvi-instituutti.fi\/blogi\/2021\/09\/13\/pihlajanmarjavinegretti\/","title":{"rendered":"Pihlajanmarjavinegretti"},"content":{"rendered":"\n<p>Pihlajanmarjan maun sanotaan olevan parhaimmillaan ensimm\u00e4isen pakkasen j\u00e4lkeen. J\u00e4\u00e4tyminen poistaa marjoista karvautta ja kitkeryytt\u00e4. Ensimm\u00e4isi\u00e4 pakkasia ei kuitenkaan tarvitse v\u00e4ltt\u00e4m\u00e4tt\u00e4 odottaa ennen pihlajanmarjojen k\u00e4ytt\u00f6\u00f6n ottoa. Riitt\u00e4\u00e4 kun laitat marjat pariksi tunniksi pakastimeen ennen k\u00e4ytt\u00f6\u00e4. Pihlajanmarja tarvitsee silti hieman makeutta kaverikseen. T\u00e4ss\u00e4 reseptiss\u00e4 k\u00e4ytet\u00e4\u00e4n fariinisokeria. Reseptin on meille tehnyt Liemi&amp;Linssin Pari Kuronen. <\/p>\n\n\n\n<div class=\"wp-block-image\"><figure class=\"aligncenter size-full\"><a href=\"https:\/\/www.pyhajarvi-instituutti.fi\/blogi\/wp-content\/uploads\/2021\/09\/Pihlajanmarjavinegretti5_pieni.jpg\"><img fetchpriority=\"high\" decoding=\"async\" width=\"384\" height=\"682\" src=\"https:\/\/www.pyhajarvi-instituutti.fi\/blogi\/wp-content\/uploads\/2021\/09\/Pihlajanmarjavinegretti5_pieni.jpg\" alt=\"\" class=\"wp-image-1238\"\/><\/a><\/figure><\/div>\n\n\n\n<p><strong>PIHLAJANMARJAVINEGRETTI<\/strong><\/p>\n\n\n\n<p>n. 8 dl valmista vinegretti\u00e4<\/p>\n\n\n\n<p>3 dl (180 g) pihlajanmarjoja (pakastettuja)<\/p>\n\n\n\n<p>\u00bd dl sherryviinietikkaa tai omenaviinietikkaa<\/p>\n\n\n\n<p>2 rkl fariinisokeria<\/p>\n\n\n\n<p>4 dl rypsi\u00f6ljy\u00e4<\/p>\n\n\n\n<p>\u00be tl suolaa<\/p>\n\n\n\n<ol class=\"wp-block-list\" type=\"1\"><li>Yhdist\u00e4 j\u00e4iset marjat, etikka ja fariinisokeri tehosekoittimeen ja soseuta.<\/li><li>Lis\u00e4\u00e4 \u00f6ljy ohuena nauhana joukkoon koneen koko ajan k\u00e4ydess\u00e4.<\/li><li>Mausta suolalla.<\/li><li>Siivil\u00f6i ja pullota.<\/li><\/ol>\n","protected":false},"excerpt":{"rendered":"<p>Pihlajanmarjan maun sanotaan olevan parhaimmillaan ensimm\u00e4isen pakkasen j\u00e4lkeen. J\u00e4\u00e4tyminen poistaa marjoista karvautta ja kitkeryytt\u00e4. Ensimm\u00e4isi\u00e4 pakkasia ei kuitenkaan tarvitse v\u00e4ltt\u00e4m\u00e4tt\u00e4 odottaa ennen pihlajanmarjojen k\u00e4ytt\u00f6\u00f6n ottoa&#8230;.<\/p>\n","protected":false},"author":4,"featured_media":1237,"comment_status":"open","ping_status":"closed","sticky":false,"template":"","format":"standard","meta":{"footnotes":""},"categories":[5],"tags":[237,106,232,265,216,242],"class_list":["post-1239","post","type-post","status-publish","format-standard","has-post-thumbnail","hentry","category-henna-ryoma","tag-keruutuote","tag-luonnonantimet","tag-luonnonyrtit","tag-pihlajanmarja","tag-satayrtti","tag-yrttiresepti"],"rttpg_featured_image_url":{"full":["https:\/\/www.pyhajarvi-instituutti.fi\/blogi\/wp-content\/uploads\/2021\/09\/Pihlajanmarjavinegretti1_nelio_pieni.png",512,512,false],"landscape":["https:\/\/www.pyhajarvi-instituutti.fi\/blogi\/wp-content\/uploads\/2021\/09\/Pihlajanmarjavinegretti1_nelio_pieni.png",512,512,false],"portraits":["https:\/\/www.pyhajarvi-instituutti.fi\/blogi\/wp-content\/uploads\/2021\/09\/Pihlajanmarjavinegretti1_nelio_pieni.png",512,512,false],"thumbnail":["https:\/\/www.pyhajarvi-instituutti.fi\/blogi\/wp-content\/uploads\/2021\/09\/Pihlajanmarjavinegretti1_nelio_pieni-150x150.png",150,150,true],"medium":["https:\/\/www.pyhajarvi-instituutti.fi\/blogi\/wp-content\/uploads\/2021\/09\/Pihlajanmarjavinegretti1_nelio_pieni-300x300.png",300,300,true],"large":["https:\/\/www.pyhajarvi-instituutti.fi\/blogi\/wp-content\/uploads\/2021\/09\/Pihlajanmarjavinegretti1_nelio_pieni.png",512,512,false],"rpg_gallery_admin_thumb":["https:\/\/www.pyhajarvi-instituutti.fi\/blogi\/wp-content\/uploads\/2021\/09\/Pihlajanmarjavinegretti1_nelio_pieni-150x150.png",150,150,true],"rpg_gallery_thumb":["https:\/\/www.pyhajarvi-instituutti.fi\/blogi\/wp-content\/uploads\/2021\/09\/Pihlajanmarjavinegretti1_nelio_pieni-150x150.png",150,150,true],"1536x1536":["https:\/\/www.pyhajarvi-instituutti.fi\/blogi\/wp-content\/uploads\/2021\/09\/Pihlajanmarjavinegretti1_nelio_pieni.png",512,512,false],"2048x2048":["https:\/\/www.pyhajarvi-instituutti.fi\/blogi\/wp-content\/uploads\/2021\/09\/Pihlajanmarjavinegretti1_nelio_pieni.png",512,512,false],"archive-thumbnail":["https:\/\/www.pyhajarvi-instituutti.fi\/blogi\/wp-content\/uploads\/2021\/09\/Pihlajanmarjavinegretti1_nelio_pieni-470x140.png",470,140,true],"single-thumbnail":["https:\/\/www.pyhajarvi-instituutti.fi\/blogi\/wp-content\/uploads\/2021\/09\/Pihlajanmarjavinegretti1_nelio_pieni-470x260.png",470,260,true],"featured-thumbnail":["https:\/\/www.pyhajarvi-instituutti.fi\/blogi\/wp-content\/uploads\/2021\/09\/Pihlajanmarjavinegretti1_nelio_pieni-512x380.png",512,380,true],"slider-nav-thumbnail":["https:\/\/www.pyhajarvi-instituutti.fi\/blogi\/wp-content\/uploads\/2021\/09\/Pihlajanmarjavinegretti1_nelio_pieni-110x70.png",110,70,true]},"rttpg_author":{"display_name":"admin","author_link":"https:\/\/www.pyhajarvi-instituutti.fi\/blogi\/author\/admin\/"},"rttpg_comment":0,"rttpg_category":"<a href=\"https:\/\/www.pyhajarvi-instituutti.fi\/blogi\/category\/henna-ryoma\/\" rel=\"category tag\">Asiantuntija | Henna Ry\u00f6m\u00e4<\/a>","rttpg_excerpt":"Pihlajanmarjan maun sanotaan olevan parhaimmillaan ensimm\u00e4isen pakkasen j\u00e4lkeen. J\u00e4\u00e4tyminen poistaa marjoista karvautta ja kitkeryytt\u00e4. Ensimm\u00e4isi\u00e4 pakkasia ei kuitenkaan tarvitse v\u00e4ltt\u00e4m\u00e4tt\u00e4 odottaa ennen pihlajanmarjojen k\u00e4ytt\u00f6\u00f6n ottoa....","post_mailing_queue_ids":[],"_links":{"self":[{"href":"https:\/\/www.pyhajarvi-instituutti.fi\/blogi\/wp-json\/wp\/v2\/posts\/1239","targetHints":{"allow":["GET"]}}],"collection":[{"href":"https:\/\/www.pyhajarvi-instituutti.fi\/blogi\/wp-json\/wp\/v2\/posts"}],"about":[{"href":"https:\/\/www.pyhajarvi-instituutti.fi\/blogi\/wp-json\/wp\/v2\/types\/post"}],"author":[{"embeddable":true,"href":"https:\/\/www.pyhajarvi-instituutti.fi\/blogi\/wp-json\/wp\/v2\/users\/4"}],"replies":[{"embeddable":true,"href":"https:\/\/www.pyhajarvi-instituutti.fi\/blogi\/wp-json\/wp\/v2\/comments?post=1239"}],"version-history":[{"count":3,"href":"https:\/\/www.pyhajarvi-instituutti.fi\/blogi\/wp-json\/wp\/v2\/posts\/1239\/revisions"}],"predecessor-version":[{"id":1242,"href":"https:\/\/www.pyhajarvi-instituutti.fi\/blogi\/wp-json\/wp\/v2\/posts\/1239\/revisions\/1242"}],"wp:featuredmedia":[{"embeddable":true,"href":"https:\/\/www.pyhajarvi-instituutti.fi\/blogi\/wp-json\/wp\/v2\/media\/1237"}],"wp:attachment":[{"href":"https:\/\/www.pyhajarvi-instituutti.fi\/blogi\/wp-json\/wp\/v2\/media?parent=1239"}],"wp:term":[{"taxonomy":"category","embeddable":true,"href":"https:\/\/www.pyhajarvi-instituutti.fi\/blogi\/wp-json\/wp\/v2\/categories?post=1239"},{"taxonomy":"post_tag","embeddable":true,"href":"https:\/\/www.pyhajarvi-instituutti.fi\/blogi\/wp-json\/wp\/v2\/tags?post=1239"}],"curies":[{"name":"wp","href":"https:\/\/api.w.org\/{rel}","templated":true}]}}