{"id":1211,"date":"2021-08-17T08:27:00","date_gmt":"2021-08-17T05:27:00","guid":{"rendered":"https:\/\/www.pyhajarvi-instituutti.fi\/blogi\/?p=1211"},"modified":"2021-09-13T09:06:59","modified_gmt":"2021-09-13T06:06:59","slug":"muuttomietteita","status":"publish","type":"post","link":"https:\/\/www.pyhajarvi-instituutti.fi\/blogi\/2021\/08\/17\/muuttomietteita\/","title":{"rendered":"Muuttomietteit\u00e4"},"content":{"rendered":"\n<p>P\u00e4iv\u00e4t ovat alkaneet taittua pikkuhiljaa syksyyn, pimenty\u00e4 y\u00f6t edell\u00e4. Kuluneet kes\u00e4n kuut olen saanut jakaa asuntoni tervap\u00e4\u00e4skyjen kanssa, min\u00e4 vuokra-asunnossa ja ne kattoparrujen alla, naapurin mukaan jo useamman vuoden ajan. Eiv\u00e4t ne oikeastaan ole edes p\u00e4\u00e4skyj\u00e4, vaan kiit\u00e4jien heimon ainoa s\u00e4\u00e4nn\u00f6llinen vierailija Suomessa. Se mik\u00e4 niiden lennossa, vauhdissa, matalissa sy\u00f6ksyiss\u00e4 pihan poikki alkukes\u00e4st\u00e4 niin ilostutti, tekee nyt haikeaksi. Yksin\u00e4 ensimm\u00e4isist\u00e4 muuttajista ne ovat pian l\u00e4hd\u00f6ss\u00e4 V\u00e4limeren yli Afrikkaan, muut lajit pian per\u00e4ss\u00e4\u00e4n.<\/p>\n\n\n\n<p>Vaikka kiiskikuolemat ovat hiukan latistaneet tunnelmaa t\u00e4n\u00e4 kes\u00e4n\u00e4, on Pyh\u00e4j\u00e4rvi ja sen ymp\u00e4rist\u00f6 monipuolinen ja runsas, vaihdellen harvinaisesta p\u00e4hkin\u00e4lehdosta klassisiin satakuntalaisiin maatalousmaisemiin. Instituutin kes\u00e4ty\u00f6l\u00e4isen\u00e4 olen p\u00e4ivitt\u00e4in iloinnut mahdollisuudesta nauttia kauniista j\u00e4rvest\u00e4, tiluksista ja lajistosta. Paikallissuosikeikseni ovat nousseet usein ylitse karheasti raakkuen lent\u00e4v\u00e4t korpit ja mestarilliset matkijat ja laulutaiturit, kultarinnat. Niin kukkakaali- kuin nokkoskylv\u00f6t kuin maan\u00e4ytteetkin ovat kuljettaneet kentt\u00e4ty\u00f6l\u00e4ist\u00e4 muualle Satakunnan peltomaisemiin, haukkalintujen alaville mets\u00e4stysmaille. Tuulihaukka on ollut auton ikkunasta melkein arkinen, vaan aina hieno n\u00e4ky. Olen kohdannut h\u00e4mm\u00e4stytt\u00e4v\u00e4n suuren siipiv\u00e4lin omaavan, tummasormisen ruskosuohaukan ja selv\u00e4sti yll\u00e4ttyneen varpushaukkaparin, mutta paikallisten maakotkien bongaus j\u00e4\u00e4nee ensi kes\u00e4lle.<\/p>\n\n\n\n<p>Lintuja ja luontoa ei tarvitse \u201charrastaa\u201d voidakseen nauttia niist\u00e4 &#8211; miten paljon ymp\u00e4r\u00f6iv\u00e4st\u00e4 luonnosta voikaan saada, kun sille antaa pienen hetken aikaansa ja malttaa keskitty\u00e4. Tyyli on vapaa, ja luonnossa riitt\u00e4\u00e4 ihailtavaa. Suosittelen kuitenkin kiinnostuneille LuontoPortti-sivustoa ja BirdNET-sovellusta, jotka auttavat lintujen ja niiden laulujen tunnistamisessa. Tavallisiakaan lajeja ei kannata aliarvioida \u2013 suloisten sinisorsan poikasten kasvua on ollut ihana seurata. Alkukes\u00e4st\u00e4 pienest\u00e4kin h\u00e4iri\u00f6st\u00e4 papatukseen puhjenneet emot luotsasivat pienet poikasensa suojaan heinikkoon \u2013 nyt pienet ovat jo emonsa kokoisia ja lep\u00e4\u00e4v\u00e4t rohkeina laitureilla ihmisest\u00e4 juuri v\u00e4litt\u00e4m\u00e4tt\u00e4, venytellen, kerran haukotellen, toinen silm\u00e4 hiukan varuillaan raotettuna.<\/p>\n\n\n\n<figure class=\"wp-block-image size-large\"><a href=\"https:\/\/www.pyhajarvi-instituutti.fi\/blogi\/wp-content\/uploads\/2021\/08\/6bf89be6-fc5a-47ce-9431-7de4a55fbb172-1.jpg\"><img decoding=\"async\" src=\"https:\/\/www.pyhajarvi-instituutti.fi\/blogi\/wp-content\/uploads\/2021\/08\/6bf89be6-fc5a-47ce-9431-7de4a55fbb172-1-1024x794.jpg\" alt=\"\" class=\"wp-image-1215\"\/><\/a><\/figure>\n\n\n\n<p>Niin kuin p\u00e4\u00e4skyill\u00e4 etel\u00e4\u00e4n, vie opiskelijan tie takaisin kaupunkiin. El\u00e4m\u00e4\u00e4 on toki kaikkialla, ja kaupunkiluonnon monimuotoisuuden aliarvioi helposti &#8211; ei kaupunkilaisel\u00e4m\u00e4 silti tunnu samalta kuin kes\u00e4 maalla. Maaseudun luonnon monimuotoisuutta saattaa helposti pit\u00e4\u00e4 itsest\u00e4\u00e4nselvyyten\u00e4, mutta todellisuudessa uusimman kansallisen arvion mukaan yli kolmasosa (35%) lintulajeistamme on uhanalaisia, silm\u00e4ll\u00e4pidett\u00e4v\u00e4t mukaan laskettuna puolet (49%) [1]. Vaarassa ovat erityisesti maatalousymp\u00e4rist\u00f6iss\u00e4 pesiv\u00e4t linnut ja i\u00e4kk\u00e4iden metsien lajit, joten satakuntalaisillakaan ei ole varaa huokaista helpotuksesta. Kun menet\u00e4mme lajin ja kun menet\u00e4mme yksil\u00f6n, menet\u00e4mme ainutlaatuisen n\u00e4k\u00f6kulman ja tavan kokea el\u00e4m\u00e4 ja mahdollisuuden observoida sit\u00e4. Ihmisen aiheuttama ymp\u00e4rist\u00f6kriisi, ilmastonmuutos mukaan lukien, ei tule lievenem\u00e4\u00e4n ilman toimia ja p\u00e4\u00e4t\u00f6ksi\u00e4. Pyh\u00e4j\u00e4rvi-instituutin kes\u00e4pestiss\u00e4 minulla on ollut ilo toimia pienen\u00e4 osana t\u00e4t\u00e4 suojeluty\u00f6t\u00e4, mutta kaikkien ty\u00f6panosta tarvitaan, ei vain tutkijoiden tai alalla ty\u00f6skentelevien \u2013 ongelma on paisunut jo niin valtavaksi, ettei kenell\u00e4k\u00e4\u00e4n ole varaa sulkea silmi\u00e4\u00e4n. Luontoarvojen ja -yhteyden vaaliminen pieniss\u00e4kin arkisissa teoissa on omiaan pit\u00e4m\u00e4\u00e4n yll\u00e4 tahtoa jatkaa kohti parempaa huomista. Mink\u00e4 tunnet, sit\u00e4 suojelet.<\/p>\n\n\n\n<p><\/p>\n\n\n\n<p>Viite: 1. Hyv\u00e4rinen, E., Jusl\u00e9n, A., Kemppainen, E., Uddstr\u00f6m, A. &amp; Liukko, U.-M. (toim.) (2019). Suomen lajien uhanalaisuus &#8211; Punainen kirja. Luettavissa osoitteessa <a href=\"https:\/\/helda.helsinki.fi\/handle\/10138\/299501\">https:\/\/helda.helsinki.fi\/handle\/10138\/299501<\/a>.<\/p>\n\n\n\n<p><\/p>\n\n\n\n<p><em>Teksti on osa kuukausittain ilmestyv\u00e4\u00e4 Pyh\u00e4j\u00e4rven puolesta -juttusarjaa, jota on julkaistu Auranmaan Viikkolehdess\u00e4 ja Alasatakunta-lehdess\u00e4 jo vuodesta 1995. Juttusarjan kaikki jutut on luettavissa Pyh\u00e4j\u00e4rven suojeluohjelman sivuilta&nbsp;<a rel=\"noreferrer noopener\" href=\"http:\/\/www.pyhajarvensuojelu.net\/default10.asp?active_page_id=155\" target=\"_blank\">t\u00e4\u00e4lt\u00e4<\/a>.<\/em><\/p>\n","protected":false},"excerpt":{"rendered":"<p>P\u00e4iv\u00e4t ovat alkaneet taittua pikkuhiljaa syksyyn, pimenty\u00e4 y\u00f6t edell\u00e4. Kuluneet kes\u00e4n kuut olen saanut jakaa asuntoni tervap\u00e4\u00e4skyjen kanssa, min\u00e4 vuokra-asunnossa ja ne kattoparrujen alla, naapurin&#8230;<\/p>\n","protected":false},"author":3,"featured_media":1224,"comment_status":"open","ping_status":"closed","sticky":false,"template":"","format":"standard","meta":{"footnotes":""},"categories":[256],"tags":[150,33],"class_list":["post-1211","post","type-post","status-publish","format-standard","has-post-thumbnail","hentry","category-veronika-westergard","tag-lintujen-muutto","tag-pyhajarven-puolesta"],"rttpg_featured_image_url":{"full":["https:\/\/www.pyhajarvi-instituutti.fi\/blogi\/wp-content\/uploads\/2021\/08\/IMG_1025-4-scaled.jpg",2560,1920,false],"landscape":["https:\/\/www.pyhajarvi-instituutti.fi\/blogi\/wp-content\/uploads\/2021\/08\/IMG_1025-4-scaled.jpg",2560,1920,false],"portraits":["https:\/\/www.pyhajarvi-instituutti.fi\/blogi\/wp-content\/uploads\/2021\/08\/IMG_1025-4-scaled.jpg",2560,1920,false],"thumbnail":["https:\/\/www.pyhajarvi-instituutti.fi\/blogi\/wp-content\/uploads\/2021\/08\/IMG_1025-4-150x150.jpg",150,150,true],"medium":["https:\/\/www.pyhajarvi-instituutti.fi\/blogi\/wp-content\/uploads\/2021\/08\/IMG_1025-4-300x225.jpg",300,225,true],"large":["https:\/\/www.pyhajarvi-instituutti.fi\/blogi\/wp-content\/uploads\/2021\/08\/IMG_1025-4-1024x768.jpg",1024,768,true],"rpg_gallery_admin_thumb":["https:\/\/www.pyhajarvi-instituutti.fi\/blogi\/wp-content\/uploads\/2021\/08\/IMG_1025-4-150x150.jpg",150,150,true],"rpg_gallery_thumb":["https:\/\/www.pyhajarvi-instituutti.fi\/blogi\/wp-content\/uploads\/2021\/08\/IMG_1025-4-150x150.jpg",150,150,true],"1536x1536":["https:\/\/www.pyhajarvi-instituutti.fi\/blogi\/wp-content\/uploads\/2021\/08\/IMG_1025-4-1536x1152.jpg",1536,1152,true],"2048x2048":["https:\/\/www.pyhajarvi-instituutti.fi\/blogi\/wp-content\/uploads\/2021\/08\/IMG_1025-4-2048x1536.jpg",2048,1536,true],"archive-thumbnail":["https:\/\/www.pyhajarvi-instituutti.fi\/blogi\/wp-content\/uploads\/2021\/08\/IMG_1025-4-470x140.jpg",470,140,true],"single-thumbnail":["https:\/\/www.pyhajarvi-instituutti.fi\/blogi\/wp-content\/uploads\/2021\/08\/IMG_1025-4-470x260.jpg",470,260,true],"featured-thumbnail":["https:\/\/www.pyhajarvi-instituutti.fi\/blogi\/wp-content\/uploads\/2021\/08\/IMG_1025-4-750x380.jpg",750,380,true],"slider-nav-thumbnail":["https:\/\/www.pyhajarvi-instituutti.fi\/blogi\/wp-content\/uploads\/2021\/08\/IMG_1025-4-110x70.jpg",110,70,true]},"rttpg_author":{"display_name":"kayttaja","author_link":"https:\/\/www.pyhajarvi-instituutti.fi\/blogi\/author\/kayttaja\/"},"rttpg_comment":0,"rttpg_category":"<a href=\"https:\/\/www.pyhajarvi-instituutti.fi\/blogi\/category\/veronika-westergard\/\" rel=\"category tag\">Kes\u00e4ty\u00f6ntekij\u00e4 | Veronika Westerg\u00e5rd<\/a>","rttpg_excerpt":"P\u00e4iv\u00e4t ovat alkaneet taittua pikkuhiljaa syksyyn, pimenty\u00e4 y\u00f6t edell\u00e4. Kuluneet kes\u00e4n kuut olen saanut jakaa asuntoni tervap\u00e4\u00e4skyjen kanssa, min\u00e4 vuokra-asunnossa ja ne kattoparrujen alla, naapurin...","post_mailing_queue_ids":[],"_links":{"self":[{"href":"https:\/\/www.pyhajarvi-instituutti.fi\/blogi\/wp-json\/wp\/v2\/posts\/1211","targetHints":{"allow":["GET"]}}],"collection":[{"href":"https:\/\/www.pyhajarvi-instituutti.fi\/blogi\/wp-json\/wp\/v2\/posts"}],"about":[{"href":"https:\/\/www.pyhajarvi-instituutti.fi\/blogi\/wp-json\/wp\/v2\/types\/post"}],"author":[{"embeddable":true,"href":"https:\/\/www.pyhajarvi-instituutti.fi\/blogi\/wp-json\/wp\/v2\/users\/3"}],"replies":[{"embeddable":true,"href":"https:\/\/www.pyhajarvi-instituutti.fi\/blogi\/wp-json\/wp\/v2\/comments?post=1211"}],"version-history":[{"count":9,"href":"https:\/\/www.pyhajarvi-instituutti.fi\/blogi\/wp-json\/wp\/v2\/posts\/1211\/revisions"}],"predecessor-version":[{"id":1235,"href":"https:\/\/www.pyhajarvi-instituutti.fi\/blogi\/wp-json\/wp\/v2\/posts\/1211\/revisions\/1235"}],"wp:featuredmedia":[{"embeddable":true,"href":"https:\/\/www.pyhajarvi-instituutti.fi\/blogi\/wp-json\/wp\/v2\/media\/1224"}],"wp:attachment":[{"href":"https:\/\/www.pyhajarvi-instituutti.fi\/blogi\/wp-json\/wp\/v2\/media?parent=1211"}],"wp:term":[{"taxonomy":"category","embeddable":true,"href":"https:\/\/www.pyhajarvi-instituutti.fi\/blogi\/wp-json\/wp\/v2\/categories?post=1211"},{"taxonomy":"post_tag","embeddable":true,"href":"https:\/\/www.pyhajarvi-instituutti.fi\/blogi\/wp-json\/wp\/v2\/tags?post=1211"}],"curies":[{"name":"wp","href":"https:\/\/api.w.org\/{rel}","templated":true}]}}