{"id":1206,"date":"2021-08-12T11:47:54","date_gmt":"2021-08-12T08:47:54","guid":{"rendered":"https:\/\/www.pyhajarvi-instituutti.fi\/blogi\/?p=1206"},"modified":"2021-08-16T15:52:15","modified_gmt":"2021-08-16T12:52:15","slug":"jarvella-ja-jarven-aarella","status":"publish","type":"post","link":"https:\/\/www.pyhajarvi-instituutti.fi\/blogi\/2021\/08\/12\/jarvella-ja-jarven-aarella\/","title":{"rendered":"J\u00e4rvell\u00e4 ja j\u00e4rven \u00e4\u00e4rell\u00e4"},"content":{"rendered":"\n<p>Nyt toista kes\u00e4\u00e4 ty\u00f6matkani kulkee S\u00e4kyl\u00e4n rantatiet\u00e4 Iso-Vimmasta kohti Kauttuaa ja Pyh\u00e4j\u00e4rvi-instituuttia. Matkalla Pyh\u00e4j\u00e4rvi n\u00e4kyy l\u00e4hes koko ajan ja tuulisemmalla kelill\u00e4 my\u00f6s kuuluu. Luonto on tutkitusti hyv\u00e4 paikka pit\u00e4\u00e4 taukoja ja maastossa liikkuminen on aina ollut itsellenikin t\u00e4rke\u00e4 tapa irrottautua koulu- ja ty\u00f6teht\u00e4vist\u00e4. Kotiseutuvierailujen k\u00e4velylenkeill\u00e4 jalat viev\u00e4t huomaamatta Pyh\u00e4j\u00e4rven rantaan, jonne pys\u00e4htyy kuuntelemaan aaltojen kohinaa, katselemaan j\u00e4rven el\u00e4m\u00e4\u00e4 ja kokeilemaan veden l\u00e4mp\u00f6tilan. Melko usein tulee napattua my\u00f6s kuva tai kaksi maisemasta, sill\u00e4 onhan Pyh\u00e4j\u00e4rven selk\u00e4 my\u00f6s eritt\u00e4in kuvauksellinen kohde.<\/p>\n\n\n\n<p>J\u00e4rvin\u00e4ytteenotto on minulle t\u00e4n\u00e4 kes\u00e4n\u00e4 t\u00e4ysin uusi ty\u00f6teht\u00e4v\u00e4. En ole aikaisemmin vesin\u00e4ytteit\u00e4 maastosta p\u00e4\u00e4ssyt ottamaan, vaikka opinnoissa olen laboratoriossa tutkinut niin oja-, kaivo-, kuin vesijohtovett\u00e4. T\u00e4m\u00e4n vuoksi olin eritt\u00e4in innoissani p\u00e4\u00e4stess\u00e4ni mukaan Pyh\u00e4j\u00e4rven n\u00e4ytteenottoihin.<\/p>\n\n\n\n<p>\u201cMit\u00e4s te siell\u00e4 j\u00e4rvell\u00e4 sitten oikein teette?\u201d T\u00e4t\u00e4 kysymyst\u00e4 on esitetty l\u00e4hes poikkeuksetta erin\u00e4isiss\u00e4 muodoissaan joka kerta, kun olen maininnut yhten\u00e4 t\u00e4m\u00e4n kes\u00e4n ty\u00f6teht\u00e4v\u00e4n\u00e4ni j\u00e4rvin\u00e4ytteenoton. Lis\u00e4ksi monia on kiinnostanut, millaista se n\u00e4ytteenotto konkreettisesti on, esimerkiksi mist\u00e4 paikoista n\u00e4ytteit\u00e4 otetaan, kuinka syv\u00e4lt\u00e4 ja mit\u00e4 niist\u00e4 hy\u00f6dyt\u00e4\u00e4n.<\/p>\n\n\n\n<p>N\u00e4ytteit\u00e4 ker\u00e4t\u00e4\u00e4n useista kohdista ymp\u00e4ri j\u00e4rve\u00e4. Kymmenelt\u00e4 eri pisteelt\u00e4 noudetaan kokooman\u00e4ytteen\u00e4 klorofyllipitoisuus, joka mittaa lehtivihre\u00e4llisten planktonlevien m\u00e4\u00e4r\u00e4\u00e4 vedess\u00e4.&nbsp; Samoilta pisteilt\u00e4 otetaan my\u00f6s kasvi- ja el\u00e4inplanktonn\u00e4ytteet, sek\u00e4 mitataan n\u00e4k\u00f6syvyys. Kasviplankton kertoo j\u00e4rven ekologisesta tilasta, sill\u00e4 tietyn tyyppisiss\u00e4 vesist\u00f6iss\u00e4 esiintyy omat tyypilliset planktonlajistonsa ja klorofyllipitoisuus puolestaan on suoraan verrannollinen lev\u00e4n m\u00e4\u00e4r\u00e4\u00e4n ja kertoo n\u00e4in ollen j\u00e4rven rehevyystasosta.<\/p>\n\n\n\n<p>J\u00e4rven syvimm\u00e4lt\u00e4 kohdalta otetaan yll\u00e4mainittujen n\u00e4ytteiden lis\u00e4ksi my\u00f6s l\u00e4mp\u00f6tilaprofiili ja noin kuukauden v\u00e4lein fysikaalis-kemialliset n\u00e4ytteet, joista m\u00e4\u00e4ritet\u00e4\u00e4n happipitoisuus, pH, fosforipitoisuutta ja klorofyllipitoisuutta. N\u00e4iden lis\u00e4ksi syv\u00e4nteelt\u00e4 haavitaan planktonn\u00e4ytteit\u00e4 rasvahappotutkimuksiin.<\/p>\n\n\n\n<p>Pyh\u00e4j\u00e4rvelt\u00e4 l\u00f6ytyy my\u00f6s Suomen ymp\u00e4rist\u00f6keskuksen mittapoiju, joka mittaa automaattisesti vedenlaatua. Poijulta Pyh\u00e4j\u00e4rvi-instituutti k\u00e4y ottamassa vertailumittaukset kahden viikon v\u00e4lein l\u00e4mp\u00f6tilasta, n\u00e4k\u00f6syvyydest\u00e4 ja klorofyllist\u00e4.<\/p>\n\n\n\n<p>Vaikka vesist\u00f6ill\u00e4 on k\u00e4ynyt koko ik\u00e4ns\u00e4 uimassa, veneilem\u00e4ss\u00e4, liikkumassa erilaisilla laudoilla ja lautoilla, rannoilla piknikill\u00e4 ja pelaamassa rantalentopalloa, niemenk\u00e4rjiss\u00e4 lenkkeilem\u00e4ss\u00e4 tai laiturin nokassa onkimassa, ei vesist\u00f6n tila ja siit\u00e4 kertovat merkit ole milloinkaan olleet n\u00e4in l\u00e4hell\u00e4 tai ainakaan yht\u00e4 selke\u00e4sti mieless\u00e4. Olen t\u00e4m\u00e4n kes\u00e4n aikana vasta sukeltanut j\u00e4rven tilan seurannassa aivan uusiin syvyyksiin. Maisemaa ei en\u00e4\u00e4 katsele ainoastaan postikorttimaisia kuvia ajatellen, pinnan alla n\u00e4kee paljon muutakin mielenkiintoista kuin parven pieni\u00e4 kaloja ja rannalla pys\u00e4htyess\u00e4 aaltojen rauhoittavan liplatuksen lis\u00e4ksi kuuntelee ymp\u00e4rist\u00f6n \u00e4\u00e4ni\u00e4 yh\u00e4 herkemm\u00e4ll\u00e4 korvalla.<\/p>\n\n\n\n<p>Pyh\u00e4j\u00e4rve\u00e4 voi jokainen havainnoida omalla tavallaan l\u00e4himm\u00e4ll\u00e4 rannalla, mutta jos haluat tutustua my\u00f6s tutkimustietoihin ja seurantahavaintoihin kannattaa kurkata ainakin seuraaville sivuille:<\/p>\n\n\n\n<p><a href=\"https:\/\/www.pyhajarvensuojelu.net\/\">https:\/\/www.pyhajarvensuojelu.net\/<\/a><\/p>\n\n\n\n<p><a href=\"https:\/\/pyhajarvi-instituutti.fi\/\">https:\/\/pyhajarvi-instituutti.fi\/<\/a><\/p>\n\n\n\n<p><a href=\"https:\/\/www.jarviwiki.fi\/\">https:\/\/www.jarviwiki.fi\/<\/a> <\/p>\n\n\n\n<p><em>Teksti on osa kuukausittain ilmestyv\u00e4\u00e4 Pyh\u00e4j\u00e4rven puolesta -juttusarjaa, jota on julkaistu Auranmaan Viikkolehdess\u00e4 ja Alasatakunta-lehdess\u00e4 jo vuodesta 1995. Juttusarjan kaikki jutut on luettavissa Pyh\u00e4j\u00e4rven suojeluohjelman sivuilta&nbsp;<a rel=\"noreferrer noopener\" href=\"http:\/\/www.pyhajarvensuojelu.net\/default10.asp?active_page_id=155\" target=\"_blank\">t\u00e4\u00e4lt\u00e4<\/a>.<\/em><\/p>\n","protected":false},"excerpt":{"rendered":"<p>Nyt toista kes\u00e4\u00e4 ty\u00f6matkani kulkee S\u00e4kyl\u00e4n rantatiet\u00e4 Iso-Vimmasta kohti Kauttuaa ja Pyh\u00e4j\u00e4rvi-instituuttia. Matkalla Pyh\u00e4j\u00e4rvi n\u00e4kyy l\u00e4hes koko ajan ja tuulisemmalla kelill\u00e4 my\u00f6s kuuluu. Luonto on&#8230;<\/p>\n","protected":false},"author":4,"featured_media":1207,"comment_status":"open","ping_status":"closed","sticky":false,"template":"","format":"standard","meta":{"footnotes":""},"categories":[257],"tags":[33,34,40,86],"class_list":["post-1206","post","type-post","status-publish","format-standard","has-post-thumbnail","hentry","category-laura-reuna","tag-pyhajarven-puolesta","tag-pyhajarven-suojeluohjelma","tag-pyhajarvi","tag-pyhajarvitutkimus"],"rttpg_featured_image_url":{"full":["https:\/\/www.pyhajarvi-instituutti.fi\/blogi\/wp-content\/uploads\/2021\/08\/heina-scaled.jpg",2560,1920,false],"landscape":["https:\/\/www.pyhajarvi-instituutti.fi\/blogi\/wp-content\/uploads\/2021\/08\/heina-scaled.jpg",2560,1920,false],"portraits":["https:\/\/www.pyhajarvi-instituutti.fi\/blogi\/wp-content\/uploads\/2021\/08\/heina-scaled.jpg",2560,1920,false],"thumbnail":["https:\/\/www.pyhajarvi-instituutti.fi\/blogi\/wp-content\/uploads\/2021\/08\/heina-150x150.jpg",150,150,true],"medium":["https:\/\/www.pyhajarvi-instituutti.fi\/blogi\/wp-content\/uploads\/2021\/08\/heina-300x225.jpg",300,225,true],"large":["https:\/\/www.pyhajarvi-instituutti.fi\/blogi\/wp-content\/uploads\/2021\/08\/heina-1024x768.jpg",1024,768,true],"rpg_gallery_admin_thumb":["https:\/\/www.pyhajarvi-instituutti.fi\/blogi\/wp-content\/uploads\/2021\/08\/heina-150x150.jpg",150,150,true],"rpg_gallery_thumb":["https:\/\/www.pyhajarvi-instituutti.fi\/blogi\/wp-content\/uploads\/2021\/08\/heina-150x150.jpg",150,150,true],"1536x1536":["https:\/\/www.pyhajarvi-instituutti.fi\/blogi\/wp-content\/uploads\/2021\/08\/heina-1536x1152.jpg",1536,1152,true],"2048x2048":["https:\/\/www.pyhajarvi-instituutti.fi\/blogi\/wp-content\/uploads\/2021\/08\/heina-2048x1536.jpg",2048,1536,true],"archive-thumbnail":["https:\/\/www.pyhajarvi-instituutti.fi\/blogi\/wp-content\/uploads\/2021\/08\/heina-470x140.jpg",470,140,true],"single-thumbnail":["https:\/\/www.pyhajarvi-instituutti.fi\/blogi\/wp-content\/uploads\/2021\/08\/heina-470x260.jpg",470,260,true],"featured-thumbnail":["https:\/\/www.pyhajarvi-instituutti.fi\/blogi\/wp-content\/uploads\/2021\/08\/heina-750x380.jpg",750,380,true],"slider-nav-thumbnail":["https:\/\/www.pyhajarvi-instituutti.fi\/blogi\/wp-content\/uploads\/2021\/08\/heina-110x70.jpg",110,70,true]},"rttpg_author":{"display_name":"admin","author_link":"https:\/\/www.pyhajarvi-instituutti.fi\/blogi\/author\/admin\/"},"rttpg_comment":0,"rttpg_category":"<a href=\"https:\/\/www.pyhajarvi-instituutti.fi\/blogi\/category\/laura-reuna\/\" rel=\"category tag\">Harjoittelija | Laura Reuna<\/a>","rttpg_excerpt":"Nyt toista kes\u00e4\u00e4 ty\u00f6matkani kulkee S\u00e4kyl\u00e4n rantatiet\u00e4 Iso-Vimmasta kohti Kauttuaa ja Pyh\u00e4j\u00e4rvi-instituuttia. Matkalla Pyh\u00e4j\u00e4rvi n\u00e4kyy l\u00e4hes koko ajan ja tuulisemmalla kelill\u00e4 my\u00f6s kuuluu. Luonto on...","post_mailing_queue_ids":[],"_links":{"self":[{"href":"https:\/\/www.pyhajarvi-instituutti.fi\/blogi\/wp-json\/wp\/v2\/posts\/1206","targetHints":{"allow":["GET"]}}],"collection":[{"href":"https:\/\/www.pyhajarvi-instituutti.fi\/blogi\/wp-json\/wp\/v2\/posts"}],"about":[{"href":"https:\/\/www.pyhajarvi-instituutti.fi\/blogi\/wp-json\/wp\/v2\/types\/post"}],"author":[{"embeddable":true,"href":"https:\/\/www.pyhajarvi-instituutti.fi\/blogi\/wp-json\/wp\/v2\/users\/4"}],"replies":[{"embeddable":true,"href":"https:\/\/www.pyhajarvi-instituutti.fi\/blogi\/wp-json\/wp\/v2\/comments?post=1206"}],"version-history":[{"count":3,"href":"https:\/\/www.pyhajarvi-instituutti.fi\/blogi\/wp-json\/wp\/v2\/posts\/1206\/revisions"}],"predecessor-version":[{"id":1226,"href":"https:\/\/www.pyhajarvi-instituutti.fi\/blogi\/wp-json\/wp\/v2\/posts\/1206\/revisions\/1226"}],"wp:featuredmedia":[{"embeddable":true,"href":"https:\/\/www.pyhajarvi-instituutti.fi\/blogi\/wp-json\/wp\/v2\/media\/1207"}],"wp:attachment":[{"href":"https:\/\/www.pyhajarvi-instituutti.fi\/blogi\/wp-json\/wp\/v2\/media?parent=1206"}],"wp:term":[{"taxonomy":"category","embeddable":true,"href":"https:\/\/www.pyhajarvi-instituutti.fi\/blogi\/wp-json\/wp\/v2\/categories?post=1206"},{"taxonomy":"post_tag","embeddable":true,"href":"https:\/\/www.pyhajarvi-instituutti.fi\/blogi\/wp-json\/wp\/v2\/tags?post=1206"}],"curies":[{"name":"wp","href":"https:\/\/api.w.org\/{rel}","templated":true}]}}