{"id":120,"date":"2015-06-26T11:03:47","date_gmt":"2015-06-26T08:03:47","guid":{"rendered":"https:\/\/pyhajarvi-instituutti.fi\/blogi\/?p=120"},"modified":"2015-07-02T16:46:44","modified_gmt":"2015-07-02T13:46:44","slug":"nuorten-tyoviikolla-paistoi-aurinko","status":"publish","type":"post","link":"https:\/\/www.pyhajarvi-instituutti.fi\/blogi\/2015\/06\/26\/nuorten-tyoviikolla-paistoi-aurinko\/","title":{"rendered":"Nuorten ty\u00f6viikolla paistoi aurinko"},"content":{"rendered":"<p>Euran kunnan nuorisopalvelut j\u00e4rjesti yhteisty\u00f6ss\u00e4 Pyh\u00e4j\u00e4rvi-instituutin kanssa Nuorten ty\u00f6viikon, jossa kymmenen nuorta p\u00e4\u00e4si tutustumaan instituutin ty\u00f6h\u00f6n ja toimintaan.<\/p>\n<p>Heti ensimm\u00e4iseksi meid\u00e4t istutettiin alas luennolle kuuntelemaan instituutin keskeisimpi\u00e4 teht\u00e4vi\u00e4 ja toimintatapoja. Jos siit\u00e4 ei muuta j\u00e4\u00e4nyt mieleen, niin ainakin se nippelitieto, ett\u00e4 Pyh\u00e4j\u00e4rvell\u00e4 on Etel\u00e4-Suomen\u00a0pisin j\u00e4rvenselk\u00e4, 25 km.<br \/>\nTy\u00f6teht\u00e4viin kuului muun muassa esitteiden postitusta, rannan siivoamista ja n\u00e4ytteiden ottamista.<\/p>\n<p><a href=\"https:\/\/pyhajarvi-instituutti.fi\/blogi\/wp-content\/uploads\/2015\/06\/P6020017.jpg\"><img fetchpriority=\"high\" decoding=\"async\" class=\"alignnone wp-image-123 size-featured-thumbnail\" src=\"https:\/\/pyhajarvi-instituutti.fi\/blogi\/wp-content\/uploads\/2015\/06\/P6020017-750x380.jpg\" alt=\"P6020017\" width=\"750\" height=\"380\" \/><\/a><\/p>\n<p>Ennakkok\u00e4sityksemme Pyh\u00e4j\u00e4rvest\u00e4 ja vesist\u00f6jensuojelusta yleens\u00e4 olivat ep\u00e4m\u00e4\u00e4r\u00e4isi\u00e4, eik\u00e4 kukaan oikein tiennyt, mit\u00e4 Pyh\u00e4j\u00e4rvi-instituutti todellisuudessa teki. Esimerkiksi se, ett\u00e4 instituutti ty\u00f6skentelee my\u00f6s l\u00e4hi- ja luomuruuan hyv\u00e4ksi, ei ollut monilla tiedossa. Olimme kuitenkin valmiita oppimaan paljon uusia asioita t\u00e4ll\u00e4 viikolla.<\/p>\n<p>Opimme t\u00e4\u00e4ll\u00e4 esimerkiksi miten otetaan vedest\u00e4 n\u00e4ytteit\u00e4 ja my\u00f6s, miten tutkia onko lev\u00e4 sinilev\u00e4\u00e4. Jos se tarttuu keppiin, se ei ole sinilev\u00e4\u00e4. Opimme miten vedest\u00e4 yritet\u00e4\u00e4n poistaa liiallista fosforia laskeutusaltailla, kosteikoilla ja suodattimilla ja k\u00e4vimme my\u00f6s paikan p\u00e4\u00e4ll\u00e4 katsomassa miten se k\u00e4yt\u00e4nn\u00f6ss\u00e4 toteutetaan.<\/p>\n<p><a href=\"https:\/\/pyhajarvi-instituutti.fi\/blogi\/wp-content\/uploads\/2015\/06\/P6020031.jpg\"><img decoding=\"async\" class=\"alignnone wp-image-126 size-featured-thumbnail\" src=\"https:\/\/pyhajarvi-instituutti.fi\/blogi\/wp-content\/uploads\/2015\/06\/P6020031-750x380.jpg\" alt=\"P6020031\" width=\"750\" height=\"380\" \/><\/a><\/p>\n<p>Pyh\u00e4j\u00e4rven vedenlaatu on hyv\u00e4, mutta se ei tarkoita ettei sit\u00e4 tulisi suojella. Pyh\u00e4j\u00e4rvi-instituutti suojelee sit\u00e4. Tutkimalla ja keksim\u00e4ll\u00e4, opettamalla ja tiedottamalla se aikoo saada l\u00e4hij\u00e4rvemme vedenlaadun erinomaiseksi vuoteen 2020 menness\u00e4.<\/p>\n<p><a href=\"https:\/\/pyhajarvi-instituutti.fi\/blogi\/wp-content\/uploads\/2015\/06\/P6040068.jpg\"><img decoding=\"async\" class=\"alignnone wp-image-130 size-featured-thumbnail\" src=\"https:\/\/pyhajarvi-instituutti.fi\/blogi\/wp-content\/uploads\/2015\/06\/P6040068-750x380.jpg\" alt=\"P6040068\" width=\"750\" height=\"380\" \/><\/a><\/p>\n<p>Viikossa oppii arvostamaan Pyh\u00e4j\u00e4rve\u00e4 ja l\u00e4hiruokaa aivan uudella tavalla. Osaamme nyt olla esimerkiksi roskaamatta luontoa, tied\u00e4mme miksi l\u00e4hiruuan ostaminen on t\u00e4rke\u00e4\u00e4 ja ymm\u00e4rr\u00e4mme miksi vesist\u00f6j\u00e4 pit\u00e4\u00e4 suojella. On t\u00e4rke\u00e4\u00e4 arvostaa puhdasta j\u00e4rve\u00e4mme ja luontoa, eik\u00e4 pit\u00e4\u00e4 sit\u00e4 itsest\u00e4\u00e4nselvyyten\u00e4.<\/p>\n<p>Riikka Karhunen ja Nea Sofia Koistinen<\/p>\n<p><em>Tekstin kirjoittajat osallistuivat nuorten ty\u00f6viikkoon.<\/em><\/p>\n","protected":false},"excerpt":{"rendered":"<p>Euran kunnan nuorisopalvelut j\u00e4rjesti yhteisty\u00f6ss\u00e4 Pyh\u00e4j\u00e4rvi-instituutin kanssa Nuorten ty\u00f6viikon, jossa kymmenen nuorta p\u00e4\u00e4si tutustumaan instituutin ty\u00f6h\u00f6n ja toimintaan. Heti ensimm\u00e4iseksi meid\u00e4t istutettiin alas luennolle kuuntelemaan&#8230;<\/p>\n","protected":false},"author":4,"featured_media":127,"comment_status":"open","ping_status":"closed","sticky":false,"template":"","format":"standard","meta":{"footnotes":""},"categories":[25],"tags":[29,28,26,22,27],"class_list":["post-120","post","type-post","status-publish","format-standard","has-post-thumbnail","hentry","category-yhteiskyna","tag-asukastyo","tag-nuorten-tyoviikko","tag-pyhajarven-suojelu","tag-pyhajarvi-instituutti","tag-ymparistokasvatus"],"rttpg_featured_image_url":{"full":["https:\/\/www.pyhajarvi-instituutti.fi\/blogi\/wp-content\/uploads\/2015\/06\/P6040045.jpg",3968,2976,false],"landscape":["https:\/\/www.pyhajarvi-instituutti.fi\/blogi\/wp-content\/uploads\/2015\/06\/P6040045.jpg",3968,2976,false],"portraits":["https:\/\/www.pyhajarvi-instituutti.fi\/blogi\/wp-content\/uploads\/2015\/06\/P6040045.jpg",3968,2976,false],"thumbnail":["https:\/\/www.pyhajarvi-instituutti.fi\/blogi\/wp-content\/uploads\/2015\/06\/P6040045-150x150.jpg",150,150,true],"medium":["https:\/\/www.pyhajarvi-instituutti.fi\/blogi\/wp-content\/uploads\/2015\/06\/P6040045-300x225.jpg",300,225,true],"large":["https:\/\/www.pyhajarvi-instituutti.fi\/blogi\/wp-content\/uploads\/2015\/06\/P6040045-1024x768.jpg",1024,768,true],"rpg_gallery_admin_thumb":["https:\/\/www.pyhajarvi-instituutti.fi\/blogi\/wp-content\/uploads\/2015\/06\/P6040045.jpg",150,113,false],"rpg_gallery_thumb":["https:\/\/www.pyhajarvi-instituutti.fi\/blogi\/wp-content\/uploads\/2015\/06\/P6040045.jpg",150,113,false],"1536x1536":["https:\/\/www.pyhajarvi-instituutti.fi\/blogi\/wp-content\/uploads\/2015\/06\/P6040045.jpg",1536,1152,false],"2048x2048":["https:\/\/www.pyhajarvi-instituutti.fi\/blogi\/wp-content\/uploads\/2015\/06\/P6040045.jpg",2048,1536,false],"archive-thumbnail":["https:\/\/www.pyhajarvi-instituutti.fi\/blogi\/wp-content\/uploads\/2015\/06\/P6040045-470x140.jpg",470,140,true],"single-thumbnail":["https:\/\/www.pyhajarvi-instituutti.fi\/blogi\/wp-content\/uploads\/2015\/06\/P6040045-470x260.jpg",470,260,true],"featured-thumbnail":["https:\/\/www.pyhajarvi-instituutti.fi\/blogi\/wp-content\/uploads\/2015\/06\/P6040045-750x380.jpg",750,380,true],"slider-nav-thumbnail":["https:\/\/www.pyhajarvi-instituutti.fi\/blogi\/wp-content\/uploads\/2015\/06\/P6040045-110x70.jpg",110,70,true]},"rttpg_author":{"display_name":"admin","author_link":"https:\/\/www.pyhajarvi-instituutti.fi\/blogi\/author\/admin\/"},"rttpg_comment":2,"rttpg_category":"<a href=\"https:\/\/www.pyhajarvi-instituutti.fi\/blogi\/category\/yhteiskyna\/\" rel=\"category tag\">Yhteiskyn\u00e4<\/a>","rttpg_excerpt":"Euran kunnan nuorisopalvelut j\u00e4rjesti yhteisty\u00f6ss\u00e4 Pyh\u00e4j\u00e4rvi-instituutin kanssa Nuorten ty\u00f6viikon, jossa kymmenen nuorta p\u00e4\u00e4si tutustumaan instituutin ty\u00f6h\u00f6n ja toimintaan. Heti ensimm\u00e4iseksi meid\u00e4t istutettiin alas luennolle kuuntelemaan...","post_mailing_queue_ids":[],"_links":{"self":[{"href":"https:\/\/www.pyhajarvi-instituutti.fi\/blogi\/wp-json\/wp\/v2\/posts\/120","targetHints":{"allow":["GET"]}}],"collection":[{"href":"https:\/\/www.pyhajarvi-instituutti.fi\/blogi\/wp-json\/wp\/v2\/posts"}],"about":[{"href":"https:\/\/www.pyhajarvi-instituutti.fi\/blogi\/wp-json\/wp\/v2\/types\/post"}],"author":[{"embeddable":true,"href":"https:\/\/www.pyhajarvi-instituutti.fi\/blogi\/wp-json\/wp\/v2\/users\/4"}],"replies":[{"embeddable":true,"href":"https:\/\/www.pyhajarvi-instituutti.fi\/blogi\/wp-json\/wp\/v2\/comments?post=120"}],"version-history":[{"count":5,"href":"https:\/\/www.pyhajarvi-instituutti.fi\/blogi\/wp-json\/wp\/v2\/posts\/120\/revisions"}],"predecessor-version":[{"id":135,"href":"https:\/\/www.pyhajarvi-instituutti.fi\/blogi\/wp-json\/wp\/v2\/posts\/120\/revisions\/135"}],"wp:featuredmedia":[{"embeddable":true,"href":"https:\/\/www.pyhajarvi-instituutti.fi\/blogi\/wp-json\/wp\/v2\/media\/127"}],"wp:attachment":[{"href":"https:\/\/www.pyhajarvi-instituutti.fi\/blogi\/wp-json\/wp\/v2\/media?parent=120"}],"wp:term":[{"taxonomy":"category","embeddable":true,"href":"https:\/\/www.pyhajarvi-instituutti.fi\/blogi\/wp-json\/wp\/v2\/categories?post=120"},{"taxonomy":"post_tag","embeddable":true,"href":"https:\/\/www.pyhajarvi-instituutti.fi\/blogi\/wp-json\/wp\/v2\/tags?post=120"}],"curies":[{"name":"wp","href":"https:\/\/api.w.org\/{rel}","templated":true}]}}