{"id":1186,"date":"2021-07-01T15:28:55","date_gmt":"2021-07-01T12:28:55","guid":{"rendered":"https:\/\/www.pyhajarvi-instituutti.fi\/blogi\/?p=1186"},"modified":"2021-07-01T15:45:46","modified_gmt":"2021-07-01T12:45:46","slug":"pyoralla-pyhajarven-ympari","status":"publish","type":"post","link":"https:\/\/www.pyhajarvi-instituutti.fi\/blogi\/2021\/07\/01\/pyoralla-pyhajarven-ympari\/","title":{"rendered":"Py\u00f6r\u00e4ll\u00e4 Pyh\u00e4j\u00e4rven ymp\u00e4ri"},"content":{"rendered":"\n<p>Tervetuloa Roosan ja Nikon matkaan Pyh\u00e4j\u00e4rven ymp\u00e4ri. Me p\u00e4\u00e4timme l\u00e4hte\u00e4 nauttimaan kes\u00e4isest\u00e4 sunnuntaista py\u00f6rien p\u00e4\u00e4ll\u00e4. Parempaa py\u00f6r\u00e4ilys\u00e4\u00e4t\u00e4 ei olisi voinut tilata. Aurinko paistoi l\u00e4mpim\u00e4sti ja tuuli toi toisinaan pient\u00e4 viilennyst\u00e4. Aloitimme j\u00e4rven ymp\u00e4ri py\u00f6r\u00e4ilyn suuntaamalla kohti Harolan luontopolkua. Py\u00f6r\u00e4reitti menee osittain luontopolulla, mutta maasto on melko helppokulkuista. Meit\u00e4 vastaan py\u00f6r\u00e4ili vanhempi pariskunta. He tervehtiv\u00e4t iloisena meille ja moikkasimme takaisin.<\/p>\n\n\n\n<p>P\u00e4\u00e4sty\u00e4mme isolle tielle kohti Laitilaa j\u00e4rvi kimmelteli vasemmalla puolella auringonpaisteessa. Py\u00f6r\u00e4tien loppuessa jatkoimme matkaa autotien varrella. Vastaamme tuli py\u00f6r\u00e4ilij\u00f6it\u00e4 ja jokainen heist\u00e4 heilautti k\u00e4tt\u00e4\u00e4n tien toiselta reunalta. Ylitimme tien varovasti ja jatkoimme Honkilahdentiet\u00e4. Heti tien alkup\u00e4\u00e4ss\u00e4 ihastelimme hevosia, jotka paistattelivat auringossa. Asvaltoidulta tielt\u00e4 k\u00e4\u00e4nnyimme jatkamaan sorateit\u00e4 pitkin Pyh\u00e4j\u00e4rven rantaa. Soratiet mutkittelivat pitkin m\u00f6kkirantaa ja p\u00e4\u00e4ss\u00e4 soi M\u00f6kkitie. V\u00e4lill\u00e4 reitti ohjasi meid\u00e4t takaisin asvaltoidulle tielle ja sitten takaisin mets\u00e4\u00e4n. Polttopuita hakkaava kes\u00e4m\u00f6kkil\u00e4inen n\u00e4ki meid\u00e4n tulevan ja nosti k\u00e4tens\u00e4 tervehtien. Matka jatkui hymyss\u00e4 suin.<\/p>\n\n\n\n<p>Ajaessamme kohti Yl\u00e4neen keskustaa pienen kyl\u00e4kahvilan pihalta kuului iloista puheensorinaa. Terassilla istuikin joukko moottoripy\u00f6r\u00e4ilij\u00f6it\u00e4. Pys\u00e4hdyimme ev\u00e4stauolle ja nautiskelimme kyl\u00e4n tunnelmasta. Kyl\u00e4l\u00e4iset hakivat pienest\u00e4 l\u00e4hikaupasta viilennyst\u00e4 kuumaan p\u00e4iv\u00e4\u00e4n. My\u00f6s meid\u00e4n teki mieli pient\u00e4 viilennyst\u00e4 ja k\u00e4vimme ostamassa j\u00e4\u00e4tel\u00f6t.<\/p>\n\n\n\n<p>Pyh\u00e4joelle p\u00e4\u00e4st\u00e4ess\u00e4 avautuivat taas kauniit maalaismaisemat. Soratiell\u00e4 ei liikennett\u00e4 ollut ollenkaan. Linnut visersiv\u00e4t kauniisti ja oli rauhallista. Maatalon kissa loikoili pihatiell\u00e4 ja v\u00e4h\u00e4t v\u00e4litti meist\u00e4. Ihastelimme kauniita m\u00f6kkej\u00e4 rannassa ja pys\u00e4hdyimme pienelle sillalle, josta avautuivat j\u00e4rvimaisemat.<\/p>\n\n\n\n<div class=\"wp-block-image\"><figure class=\"alignright size-large is-resized\"><a href=\"https:\/\/www.pyhajarvi-instituutti.fi\/blogi\/wp-content\/uploads\/2021\/07\/pyora-scaled.jpg\"><img fetchpriority=\"high\" decoding=\"async\" src=\"https:\/\/www.pyhajarvi-instituutti.fi\/blogi\/wp-content\/uploads\/2021\/07\/pyora-768x1024.jpg\" alt=\"\" class=\"wp-image-1185\" width=\"467\" height=\"623\" \/><\/a><\/figure><\/div>\n\n\n\n<p>Muutaman k\u00e4\u00e4nn\u00f6ksen j\u00e4lkeen p\u00e4\u00e4simme Rantatielle ja sit\u00e4 pitkin S\u00e4kyl\u00e4\u00e4n. S\u00e4kyl\u00e4n keskusta oli hiljainen satunnaisia py\u00f6r\u00e4ilij\u00f6it\u00e4 ja j\u00e4\u00e4tel\u00f6kioskin asiakkaita lukuun ottamatta. Rantatiet\u00e4 pitkin ajoi toinen toistaan hienompia vanhoja autoja. Rantatien py\u00f6r\u00e4tie oli hyv\u00e4ss\u00e4 kunnossa ja puut varjostivat mukavasti.<\/p>\n\n\n\n<p>Viimeinen pys\u00e4hdys ennen maalia oli Eenokin ranta. Hienon p\u00e4iv\u00e4n kunniaksi rannalla oli my\u00f6s muita nauttimassa kauniista j\u00e4rvin\u00e4kym\u00e4st\u00e4. P\u00e4\u00e4dyimme itsekin j\u00e4\u00e4m\u00e4\u00e4n hetkeksi paistattelemaan rannalle. Seurasimme rannalta veden p\u00e4\u00e4ll\u00e4 ruokaa etsiv\u00e4n kalatiiran toimia. Se kaarteli j\u00e4rven yll\u00e4 ja sy\u00f6ksyili kohti vett\u00e4 n\u00e4hdess\u00e4\u00e4n saaliinsa. Tunnelma rannalla oli iloinen. Muutaman metrin p\u00e4\u00e4ss\u00e4 oli pariskunta, joka oli tullut piknikille j\u00e4rven rantaan. Tuulenvire sai meid\u00e4t taas liikkeelle. Matkaa ei ollut en\u00e4\u00e4 pitk\u00e4sti.<\/p>\n\n\n\n<p>Pyh\u00e4j\u00e4rvi on mahtava j\u00e4rvi virkist\u00e4ytymiseen. Aina virkistysk\u00e4yt\u00f6n ei tarvitse tapahtua j\u00e4rvell\u00e4, vaan j\u00e4rvest\u00e4 voi nauttia my\u00f6s rannoilta k\u00e4sin. Alueen kuntien ja Leader Pyh\u00e4j\u00e4rviseudun ulkoilureittien ja \u2013kohteiden kehitt\u00e4misen kysely kertoo muun muassa siit\u00e4, ett\u00e4 l\u00e4hiliikuntareitit ja luontokohteet ovat entist\u00e4 t\u00e4rke\u00e4mpi\u00e4 meid\u00e4n kaikkien virkist\u00e4ytymisess\u00e4. Py\u00f6r\u00e4ily on yksi hyv\u00e4 tapa aistia kaunis Pyh\u00e4j\u00e4rvemme. Ev\u00e4\u00e4t tuli sy\u00f6ty\u00e4, mutta reppuun j\u00e4i kyl\u00e4l\u00e4isten iloinen mieli. Vinkkin\u00e4 matkalle l\u00e4htij\u00f6ille antaisin, ett\u00e4 valitkaa mukaan hyv\u00e4 seura ja muistakaa aurinkorasva.<\/p>\n\n\n\n<p><em>Teksti on osa kuukausittain ilmestyv\u00e4\u00e4 Pyh\u00e4j\u00e4rven puolesta -juttusarjaa, jota on julkaistu Auranmaan Viikkolehdess\u00e4 ja Alasatakunta-lehdess\u00e4 jo vuodesta 1995. Juttusarjan kaikki jutut on luettavissa Pyh\u00e4j\u00e4rven suojeluohjelman sivuilta\u00a0<a rel=\"noreferrer noopener\" href=\"http:\/\/www.pyhajarvensuojelu.net\/default10.asp?active_page_id=155\" target=\"_blank\">t\u00e4\u00e4lt\u00e4<\/a>.<\/em><\/p>\n","protected":false},"excerpt":{"rendered":"<p>Tervetuloa Roosan ja Nikon matkaan Pyh\u00e4j\u00e4rven ymp\u00e4ri. Me p\u00e4\u00e4timme l\u00e4hte\u00e4 nauttimaan kes\u00e4isest\u00e4 sunnuntaista py\u00f6rien p\u00e4\u00e4ll\u00e4. Parempaa py\u00f6r\u00e4ilys\u00e4\u00e4t\u00e4 ei olisi voinut tilata. Aurinko paistoi l\u00e4mpim\u00e4sti ja&#8230;<\/p>\n","protected":false},"author":3,"featured_media":1184,"comment_status":"open","ping_status":"closed","sticky":false,"template":"","format":"standard","meta":{"footnotes":""},"categories":[255],"tags":[33,94,177,103],"class_list":["post-1186","post","type-post","status-publish","format-standard","has-post-thumbnail","hentry","category-roosa-peltonen","tag-pyhajarven-puolesta","tag-pyhajarviseutu","tag-pyoraily","tag-virkistyskaytto"],"rttpg_featured_image_url":{"full":["https:\/\/www.pyhajarvi-instituutti.fi\/blogi\/wp-content\/uploads\/2021\/07\/pyora2.jpg",1024,768,false],"landscape":["https:\/\/www.pyhajarvi-instituutti.fi\/blogi\/wp-content\/uploads\/2021\/07\/pyora2.jpg",1024,768,false],"portraits":["https:\/\/www.pyhajarvi-instituutti.fi\/blogi\/wp-content\/uploads\/2021\/07\/pyora2.jpg",1024,768,false],"thumbnail":["https:\/\/www.pyhajarvi-instituutti.fi\/blogi\/wp-content\/uploads\/2021\/07\/pyora2-150x150.jpg",150,150,true],"medium":["https:\/\/www.pyhajarvi-instituutti.fi\/blogi\/wp-content\/uploads\/2021\/07\/pyora2-300x225.jpg",300,225,true],"large":["https:\/\/www.pyhajarvi-instituutti.fi\/blogi\/wp-content\/uploads\/2021\/07\/pyora2.jpg",1024,768,false],"rpg_gallery_admin_thumb":["https:\/\/www.pyhajarvi-instituutti.fi\/blogi\/wp-content\/uploads\/2021\/07\/pyora2-150x150.jpg",150,150,true],"rpg_gallery_thumb":["https:\/\/www.pyhajarvi-instituutti.fi\/blogi\/wp-content\/uploads\/2021\/07\/pyora2-150x150.jpg",150,150,true],"1536x1536":["https:\/\/www.pyhajarvi-instituutti.fi\/blogi\/wp-content\/uploads\/2021\/07\/pyora2.jpg",1024,768,false],"2048x2048":["https:\/\/www.pyhajarvi-instituutti.fi\/blogi\/wp-content\/uploads\/2021\/07\/pyora2.jpg",1024,768,false],"archive-thumbnail":["https:\/\/www.pyhajarvi-instituutti.fi\/blogi\/wp-content\/uploads\/2021\/07\/pyora2-470x140.jpg",470,140,true],"single-thumbnail":["https:\/\/www.pyhajarvi-instituutti.fi\/blogi\/wp-content\/uploads\/2021\/07\/pyora2-470x260.jpg",470,260,true],"featured-thumbnail":["https:\/\/www.pyhajarvi-instituutti.fi\/blogi\/wp-content\/uploads\/2021\/07\/pyora2-750x380.jpg",750,380,true],"slider-nav-thumbnail":["https:\/\/www.pyhajarvi-instituutti.fi\/blogi\/wp-content\/uploads\/2021\/07\/pyora2-110x70.jpg",110,70,true]},"rttpg_author":{"display_name":"kayttaja","author_link":"https:\/\/www.pyhajarvi-instituutti.fi\/blogi\/author\/kayttaja\/"},"rttpg_comment":0,"rttpg_category":"<a href=\"https:\/\/www.pyhajarvi-instituutti.fi\/blogi\/category\/roosa-peltonen\/\" rel=\"category tag\">Kes\u00e4ty\u00f6ntekij\u00e4 | Roosa-Maria Peltonen<\/a>","rttpg_excerpt":"Tervetuloa Roosan ja Nikon matkaan Pyh\u00e4j\u00e4rven ymp\u00e4ri. Me p\u00e4\u00e4timme l\u00e4hte\u00e4 nauttimaan kes\u00e4isest\u00e4 sunnuntaista py\u00f6rien p\u00e4\u00e4ll\u00e4. Parempaa py\u00f6r\u00e4ilys\u00e4\u00e4t\u00e4 ei olisi voinut tilata. Aurinko paistoi l\u00e4mpim\u00e4sti ja...","post_mailing_queue_ids":[],"_links":{"self":[{"href":"https:\/\/www.pyhajarvi-instituutti.fi\/blogi\/wp-json\/wp\/v2\/posts\/1186","targetHints":{"allow":["GET"]}}],"collection":[{"href":"https:\/\/www.pyhajarvi-instituutti.fi\/blogi\/wp-json\/wp\/v2\/posts"}],"about":[{"href":"https:\/\/www.pyhajarvi-instituutti.fi\/blogi\/wp-json\/wp\/v2\/types\/post"}],"author":[{"embeddable":true,"href":"https:\/\/www.pyhajarvi-instituutti.fi\/blogi\/wp-json\/wp\/v2\/users\/3"}],"replies":[{"embeddable":true,"href":"https:\/\/www.pyhajarvi-instituutti.fi\/blogi\/wp-json\/wp\/v2\/comments?post=1186"}],"version-history":[{"count":2,"href":"https:\/\/www.pyhajarvi-instituutti.fi\/blogi\/wp-json\/wp\/v2\/posts\/1186\/revisions"}],"predecessor-version":[{"id":1188,"href":"https:\/\/www.pyhajarvi-instituutti.fi\/blogi\/wp-json\/wp\/v2\/posts\/1186\/revisions\/1188"}],"wp:featuredmedia":[{"embeddable":true,"href":"https:\/\/www.pyhajarvi-instituutti.fi\/blogi\/wp-json\/wp\/v2\/media\/1184"}],"wp:attachment":[{"href":"https:\/\/www.pyhajarvi-instituutti.fi\/blogi\/wp-json\/wp\/v2\/media?parent=1186"}],"wp:term":[{"taxonomy":"category","embeddable":true,"href":"https:\/\/www.pyhajarvi-instituutti.fi\/blogi\/wp-json\/wp\/v2\/categories?post=1186"},{"taxonomy":"post_tag","embeddable":true,"href":"https:\/\/www.pyhajarvi-instituutti.fi\/blogi\/wp-json\/wp\/v2\/tags?post=1186"}],"curies":[{"name":"wp","href":"https:\/\/api.w.org\/{rel}","templated":true}]}}