{"id":1018,"date":"2020-02-06T15:53:21","date_gmt":"2020-02-06T13:53:21","guid":{"rendered":"https:\/\/pyhajarvi-instituutti.fi\/blogi\/?p=1018"},"modified":"2020-02-06T15:53:21","modified_gmt":"2020-02-06T13:53:21","slug":"jaatyyko-se-ollenkaan","status":"publish","type":"post","link":"https:\/\/www.pyhajarvi-instituutti.fi\/blogi\/2020\/02\/06\/jaatyyko-se-ollenkaan\/","title":{"rendered":"J\u00e4\u00e4tyyk\u00f6 se ollenkaan?"},"content":{"rendered":"<p>Pulsseina vy\u00f6ryv\u00e4 l\u00e4mp\u00f6 ja toistuvat F\u00f6hn-tuulet ovat olleet Pyh\u00e4j\u00e4rven j\u00e4\u00e4tymist\u00e4 odottavalle tuskaa. Alkuviikosta ohutta toivoa pysyv\u00e4n j\u00e4\u00e4peitteen muodostumisesta ehti syntym\u00e4\u00e4n. 5.2. j\u00e4rvi saikin j\u00e4lleen j\u00e4\u00e4kannen ylleen, mutta jo seuraavana y\u00f6n\u00e4 kovat tuulet lakaisivat osan selk\u00e4vesist\u00e4 j\u00e4\u00e4tt\u00f6miksi. Meneill\u00e4\u00e4n olevan pakkasjakson j\u00e4m\u00e4t tuskin ehtiv\u00e4t tekem\u00e4\u00e4n pitk\u00e4kestoisempia muutoksia tilanteeseen Pyh\u00e4j\u00e4rven osalta. T\u00e4ll\u00e4 hetkell\u00e4 pitk\u00e4n ajan s\u00e4\u00e4ennusteet n\u00e4ytt\u00e4v\u00e4n hyvin leudoilta. Suurs\u00e4\u00e4tyypin muutos voisi kuitenkin pelastaa tilanteen, jos se tapahtuu ennen kuin kev\u00e4tauringon voima k\u00e4y liian voimakkaaksi.<\/p>\n<div id=\"attachment_1016\" style=\"width: 778px\" class=\"wp-caption aligncenter\"><a href=\"https:\/\/pyhajarvi-instituutti.fi\/blogi\/wp-content\/uploads\/2020\/02\/pyhajarvi_tero.jpg\"><img fetchpriority=\"high\" decoding=\"async\" aria-describedby=\"caption-attachment-1016\" src=\"https:\/\/pyhajarvi-instituutti.fi\/blogi\/wp-content\/uploads\/2020\/02\/pyhajarvi_tero-768x576.jpg\" alt=\"\" width=\"768\" height=\"576\" class=\"size-medium_large wp-image-1016\" \/><\/a><p id=\"caption-attachment-1016\" class=\"wp-caption-text\">Kauttalahdelta etel\u00e4\u00e4n 6.2.2020.<\/p><\/div>\n<p><strong>Monet tekij\u00e4t vaikuttavat j\u00e4\u00e4n muodostumiseen<\/strong><\/p>\n<p>J\u00e4\u00e4t\u00e4 oletetaan muodostuvan j\u00e4rviss\u00e4 runsaat pari milli\u00e4 vuorokaudessa pakkasastetta kohden. N\u00e4in ollen viiden sentin j\u00e4\u00e4n muodostuminen vaatisi suunnilleen nelisen p\u00e4iv\u00e4\u00e4 viiden asteen pakkasta. 15 pakkasastetta samassa ajassa muodostaisi vastaavasti viitisentoista sentti\u00e4 j\u00e4\u00e4t\u00e4. Todellisuudessa j\u00e4\u00e4n muodostuminen hidastuu hieman j\u00e4\u00e4n paksuuntuessa, j\u00e4\u00e4n erist\u00e4v\u00e4n vaikutuksen vuoksi.<\/p>\n<p>Mik\u00e4li j\u00e4\u00e4n pinnalle sataa lunta, tilanne muuttuu tyystin. Jo ohut sentin-parin kerros pakkaslunta erist\u00e4\u00e4 tehokkaasti ja heikent\u00e4\u00e4 j\u00e4\u00e4tymist\u00e4 merkitt\u00e4v\u00e4sti. Paksu lumikerros painaa veden p\u00e4\u00e4ll\u00e4 kelluvaa j\u00e4\u00e4t\u00e4 syvemm\u00e4lle veteen, jolloin j\u00e4\u00e4ss\u00e4 olevista halkeamista p\u00e4\u00e4see nousemaan vett\u00e4 j\u00e4\u00e4n pinnalle. J\u00e4\u00e4n p\u00e4\u00e4lle muodostuu loskaa, joka ei p\u00e4\u00e4se j\u00e4\u00e4tym\u00e4\u00e4n p\u00e4\u00e4ll\u00e4 olevasta erist\u00e4v\u00e4st\u00e4 lumikerroksesta johtuen.<\/p>\n<p>Tuulen vaikutus j\u00e4\u00e4n muodostuksessa on kahtiajakoinen. Kun j\u00e4rvi on j\u00e4\u00e4tym\u00e4ss\u00e4 kovat tuulet saattavat pit\u00e4\u00e4 selk\u00e4vesi\u00e4 avoinna kovillakin pakkasilla. J\u00e4rven jo j\u00e4\u00e4dytty\u00e4 tuuli taas saattaa edesauttaa j\u00e4\u00e4tymist\u00e4 paljaalla j\u00e4\u00e4ll\u00e4 lis\u00e4ten l\u00e4mm\u00f6n haihtumista j\u00e4\u00e4n pinnasta.  My\u00f6s veden virtauksilla on oma osuutensa. Pyh\u00e4j\u00e4rvelt\u00e4kin tunnetaan paikkoja, joissa j\u00e4\u00e4 pysyy ohuena hyvin\u00e4kin j\u00e4\u00e4talvina. Tunnetuimpia n\u00e4ist\u00e4 lienee \u201dPihlavannokka\u201d, tarkoittaen S\u00e4kyl\u00e4n edustalla sijaitsevan Pihlavan saaren etel\u00e4k\u00e4rke\u00e4.<\/p>\n<div id=\"attachment_1015\" style=\"width: 778px\" class=\"wp-caption aligncenter\"><a href=\"https:\/\/pyhajarvi-instituutti.fi\/blogi\/wp-content\/uploads\/2020\/02\/20200131_155950.jpg\"><img decoding=\"async\" aria-describedby=\"caption-attachment-1015\" src=\"https:\/\/pyhajarvi-instituutti.fi\/blogi\/wp-content\/uploads\/2020\/02\/20200131_155950-768x432.jpg\" alt=\"\" width=\"768\" height=\"432\" class=\"size-medium_large wp-image-1015\" \/><\/a><p id=\"caption-attachment-1015\" class=\"wp-caption-text\">Onko talviverkkojen kokeminen veneell\u00e4 helmikuussa outo poikkeus vai tulevaisuutta?<\/p><\/div>\n<p><strong>Tuleeko enn\u00e4tys?<\/strong><\/p>\n<p>Pyh\u00e4j\u00e4rven j\u00e4\u00e4tymisajankohta on tilastoitu vuoden 1958 talvesta t\u00e4h\u00e4n p\u00e4iv\u00e4n saakka. 2010-luvulla j\u00e4rven j\u00e4\u00e4tyminen venyi nelj\u00e4n\u00e4 vuotena tammikuun puolelle. Koko tarkastelujaksolla my\u00f6h\u00e4isin j\u00e4\u00e4tyminen on kirjattu p\u00e4iv\u00e4lle 18.2.2008. N\u00e4ht\u00e4v\u00e4ksi j\u00e4\u00e4, ly\u00f6d\u00e4\u00e4nk\u00f6 enn\u00e4tys vai saapuvatko kylm\u00e4t ilmamassat korjaamaan tilanteen. Onhan sekin mahdollista, ett\u00e4 useamman viikon kest\u00e4v\u00e4\u00e4 j\u00e4\u00e4kantta ei t\u00e4n\u00e4 vuonna muodostu olleenkaan.<\/p>\n<p>Sellainen viel\u00e4, ett\u00e4 jos jollain sattuu olemaan jemmassa merkint\u00f6j\u00e4 Pyh\u00e4j\u00e4rven j\u00e4\u00e4tymisajankohdista ennen vuotta 1957, niin olisimme niist\u00e4 hyvin kiinnostuneita.<\/p>\n<p><em>Teksti on osa kuukausittain ilmestyv\u00e4\u00e4 Pyh\u00e4j\u00e4rven puolesta -juttusarjaa, jota on julkaistu Auranmaan Viikkolehdess\u00e4 ja Alasatakunta-lehdess\u00e4 jo vuodesta 1995. Juttusarjan kaikki jutut on luettavissa Pyh\u00e4j\u00e4rven suojeluohjelman sivuilta <a href=\"http:\/\/www.pyhajarvensuojelu.net\/default10.asp?active_page_id=155\" target=\"_blank\">t\u00e4\u00e4lt\u00e4<\/a>.<\/em><\/p>\n","protected":false},"excerpt":{"rendered":"<p>Pulsseina vy\u00f6ryv\u00e4 l\u00e4mp\u00f6 ja toistuvat F\u00f6hn-tuulet ovat olleet Pyh\u00e4j\u00e4rven j\u00e4\u00e4tymist\u00e4 odottavalle tuskaa. Alkuviikosta ohutta toivoa pysyv\u00e4n j\u00e4\u00e4peitteen muodostumisesta ehti syntym\u00e4\u00e4n. 5.2. j\u00e4rvi saikin j\u00e4lleen j\u00e4\u00e4kannen&#8230;<\/p>\n","protected":false},"author":4,"featured_media":0,"comment_status":"open","ping_status":"closed","sticky":false,"template":"","format":"standard","meta":{"footnotes":""},"categories":[10],"tags":[159,205,204,33,40],"class_list":["post-1018","post","type-post","status-publish","format-standard","hentry","category-tero-forsman","tag-ilmastonmuutos","tag-jaapeite","tag-pyhajarven-jaapeite","tag-pyhajarven-puolesta","tag-pyhajarvi"],"rttpg_featured_image_url":null,"rttpg_author":{"display_name":"admin","author_link":"https:\/\/www.pyhajarvi-instituutti.fi\/blogi\/author\/admin\/"},"rttpg_comment":0,"rttpg_category":"<a href=\"https:\/\/www.pyhajarvi-instituutti.fi\/blogi\/category\/tero-forsman\/\" rel=\"category tag\">Kehitt\u00e4misp\u00e4\u00e4llikk\u00f6 | Tero Forsman<\/a>","rttpg_excerpt":"Pulsseina vy\u00f6ryv\u00e4 l\u00e4mp\u00f6 ja toistuvat F\u00f6hn-tuulet ovat olleet Pyh\u00e4j\u00e4rven j\u00e4\u00e4tymist\u00e4 odottavalle tuskaa. Alkuviikosta ohutta toivoa pysyv\u00e4n j\u00e4\u00e4peitteen muodostumisesta ehti syntym\u00e4\u00e4n. 5.2. j\u00e4rvi saikin j\u00e4lleen j\u00e4\u00e4kannen...","post_mailing_queue_ids":[],"_links":{"self":[{"href":"https:\/\/www.pyhajarvi-instituutti.fi\/blogi\/wp-json\/wp\/v2\/posts\/1018","targetHints":{"allow":["GET"]}}],"collection":[{"href":"https:\/\/www.pyhajarvi-instituutti.fi\/blogi\/wp-json\/wp\/v2\/posts"}],"about":[{"href":"https:\/\/www.pyhajarvi-instituutti.fi\/blogi\/wp-json\/wp\/v2\/types\/post"}],"author":[{"embeddable":true,"href":"https:\/\/www.pyhajarvi-instituutti.fi\/blogi\/wp-json\/wp\/v2\/users\/4"}],"replies":[{"embeddable":true,"href":"https:\/\/www.pyhajarvi-instituutti.fi\/blogi\/wp-json\/wp\/v2\/comments?post=1018"}],"version-history":[{"count":2,"href":"https:\/\/www.pyhajarvi-instituutti.fi\/blogi\/wp-json\/wp\/v2\/posts\/1018\/revisions"}],"predecessor-version":[{"id":1020,"href":"https:\/\/www.pyhajarvi-instituutti.fi\/blogi\/wp-json\/wp\/v2\/posts\/1018\/revisions\/1020"}],"wp:attachment":[{"href":"https:\/\/www.pyhajarvi-instituutti.fi\/blogi\/wp-json\/wp\/v2\/media?parent=1018"}],"wp:term":[{"taxonomy":"category","embeddable":true,"href":"https:\/\/www.pyhajarvi-instituutti.fi\/blogi\/wp-json\/wp\/v2\/categories?post=1018"},{"taxonomy":"post_tag","embeddable":true,"href":"https:\/\/www.pyhajarvi-instituutti.fi\/blogi\/wp-json\/wp\/v2\/tags?post=1018"}],"curies":[{"name":"wp","href":"https:\/\/api.w.org\/{rel}","templated":true}]}}